{"id":23603,"date":"2025-09-03T17:27:38","date_gmt":"2025-09-03T21:27:38","guid":{"rendered":"https:\/\/prensapresidencialvenezuela.gob.ve\/?p=23603"},"modified":"2025-09-03T17:27:39","modified_gmt":"2025-09-03T21:27:39","slug":"venezuela-sera-reconocida-como-potencia-media-de-desarrollo-ante-el-mundo","status":"publish","type":"post","link":"https:\/\/prensapresidencialvenezuela.gob.ve\/index.php\/2025\/09\/03\/venezuela-sera-reconocida-como-potencia-media-de-desarrollo-ante-el-mundo\/","title":{"rendered":"Venezuela ser\u00e1 reconocida como potencia media de desarrollo ante el mundo"},"content":{"rendered":"\n<p><strong>Caracas, Venezuela.- <\/strong>Un reconocimiento hist\u00f3rico a los 20 millones de hombres y mujeres chinas que dejaron su sangre en los campos de batalla realiz\u00f3 este mi\u00e9rcoles el presidente de la Rep\u00fablica Bolivariana de Venezuela, Nicol\u00e1s Maduro Moros, en el Acto con motivo a los 80\u00b0 Aniversario <strong>de la victoria en la Guerra de Resistencia del Pueblo Chino contra la Agresi\u00f3n Japonesa y la victoria de la Guerra Mundial Antifascista.<\/strong><\/p>\n\n\n\n<p>Acompa\u00f1ado por el Embajador de China en Venezuela, Excelent\u00edsimo Sr. Lan Hu, y altas autoridades del Estado venezolano, el Mandatario Nacional reconoci\u00f3 la entrega del pueblo asi\u00e1tico para que China prevaleciera como Rep\u00fablica, como identidad y como fortaleza de la historia diversa de la civilizaci\u00f3n humana.<\/p>\n\n\n\n<p>El Jefe de Estado venezolano manifest\u00f3 que despu\u00e9s de superar estos grandes obst\u00e1culos guerreristas, China ya es la primera potencia militar del planeta tierra. \u00abEs admirable c\u00f3mo en 80 a\u00f1os se sacaron de encima las heridas de la guerra, (\u2026) hoy por hoy (China) es la primera potencia econ\u00f3mica, comercial y tecnol\u00f3gica\u00bb, dijo con profunda admiraci\u00f3n.<\/p>\n\n\n\n<p>A juicio del Gobierno Bolivariano, la Rep\u00fablica Popular China es una potencia hermana, una potencia amiga, una potencia sin visi\u00f3n imperialista, ni colonialista, ni esclavista. En este sentido, el Presidente Nicol\u00e1s Maduro enfatiz\u00f3 que \u00abtodas las potencias que existieron en los siglos pasados, todas fueron colonialistas y las potencias europeas que hoy en existen tienen el complejo de supremacismo, se creen superiores a los dem\u00e1s, tiene el complejo de creer que nosotros somos sus esclavos, que nosotros debemos ser sus colonias\u00bb.<\/p>\n\n\n\n<p>En su emotivo discurso, el Dignatario nacional se dirigi\u00f3 al pa\u00eds para decirle que China debe servir de ejemplo para Venezuela. \u00abVenezuela va por el camino del proyecto bolivariano. Venezuela, siguiendo el legado inmortal del Comandante Ch\u00e1vez, m\u00e1s temprano que tarde tiene que ser reconocida en Suram\u00e9rica, como una potencia media de desarrollo econ\u00f3mico, social, cultural, educativo, tecnol\u00f3gico, con logros propios, esfuerzos propios\u00bb, decret\u00f3 ante los presentes en el acto.<\/p>\n\n\n\n<p><strong>Prensa Presidencial\/ Claudia Guerra M\u00e9ndez<\/strong><\/p>\n","protected":false},"excerpt":{"rendered":"<p>Caracas, Venezuela.- Un reconocimiento hist\u00f3rico a los 20 millones de hombres y mujeres chinas que dejaron su sangre en los campos de batalla realiz\u00f3 este mi\u00e9rcoles el presidente de la Rep\u00fablica Bolivariana de Venezuela, Nicol\u00e1s Maduro Moros, en el Acto con motivo a los 80\u00b0 Aniversario de la victoria en la Guerra de Resistencia del [&hellip;]<\/p>\n","protected":false},"author":1,"featured_media":23604,"comment_status":"open","ping_status":"open","sticky":false,"template":"","format":"standard","meta":{"footnotes":""},"categories":[18,7],"tags":[],"class_list":["post-23603","post","type-post","status-publish","format-standard","has-post-thumbnail","hentry","category-noticias-principales","category-notas-de-prensa"],"_links":{"self":[{"href":"https:\/\/prensapresidencialvenezuela.gob.ve\/index.php\/wp-json\/wp\/v2\/posts\/23603","targetHints":{"allow":["GET"]}}],"collection":[{"href":"https:\/\/prensapresidencialvenezuela.gob.ve\/index.php\/wp-json\/wp\/v2\/posts"}],"about":[{"href":"https:\/\/prensapresidencialvenezuela.gob.ve\/index.php\/wp-json\/wp\/v2\/types\/post"}],"author":[{"embeddable":true,"href":"https:\/\/prensapresidencialvenezuela.gob.ve\/index.php\/wp-json\/wp\/v2\/users\/1"}],"replies":[{"embeddable":true,"href":"https:\/\/prensapresidencialvenezuela.gob.ve\/index.php\/wp-json\/wp\/v2\/comments?post=23603"}],"version-history":[{"count":1,"href":"https:\/\/prensapresidencialvenezuela.gob.ve\/index.php\/wp-json\/wp\/v2\/posts\/23603\/revisions"}],"predecessor-version":[{"id":23605,"href":"https:\/\/prensapresidencialvenezuela.gob.ve\/index.php\/wp-json\/wp\/v2\/posts\/23603\/revisions\/23605"}],"wp:featuredmedia":[{"embeddable":true,"href":"https:\/\/prensapresidencialvenezuela.gob.ve\/index.php\/wp-json\/wp\/v2\/media\/23604"}],"wp:attachment":[{"href":"https:\/\/prensapresidencialvenezuela.gob.ve\/index.php\/wp-json\/wp\/v2\/media?parent=23603"}],"wp:term":[{"taxonomy":"category","embeddable":true,"href":"https:\/\/prensapresidencialvenezuela.gob.ve\/index.php\/wp-json\/wp\/v2\/categories?post=23603"},{"taxonomy":"post_tag","embeddable":true,"href":"https:\/\/prensapresidencialvenezuela.gob.ve\/index.php\/wp-json\/wp\/v2\/tags?post=23603"}],"curies":[{"name":"wp","href":"https:\/\/api.w.org\/{rel}","templated":true}]}}