{"id":23629,"date":"2025-09-04T19:15:09","date_gmt":"2025-09-04T23:15:09","guid":{"rendered":"https:\/\/prensapresidencialvenezuela.gob.ve\/?p=23629"},"modified":"2025-09-04T19:21:57","modified_gmt":"2025-09-04T23:21:57","slug":"gobierno-bolivariano-inaugura-centros-de-adiestramiento-y-refuerza-los-cuadrantes-de-paz-en-carabobo","status":"publish","type":"post","link":"https:\/\/prensapresidencialvenezuela.gob.ve\/index.php\/2025\/09\/04\/gobierno-bolivariano-inaugura-centros-de-adiestramiento-y-refuerza-los-cuadrantes-de-paz-en-carabobo\/","title":{"rendered":"Inaugurados centros de adiestramiento para reforzar los Cuadrantes de Paz en Carabobo"},"content":{"rendered":"\n<p><strong>Valencia, Carabobo.-<\/strong> Desde la comuna \u00abVivir\u00e1s por Siempre\u00bb, fueron activados este jueves 173 Cuadrantes de paz en el estado Carabobo e inaugurados un par de centros para el impulso de la formaci\u00f3n de las fuerzas policiales y militares de la regi\u00f3n, a los fines de consolidar pol\u00edticas efectivas en materia de seguridad, defensa y paz.<\/p>\n\n\n\n<p>El presidente de la Rep\u00fablica Bolivariana de Venezuela, Nicol\u00e1s Maduro, hizo el anuncio desde el Puesto de Comando Presidencial, en el Palacio de Miraflores, Caracas, lugar desde donde estableci\u00f3 una conexi\u00f3n satelital con la ciudad de Valencia, en la que el vicepresidente sectorial de Pol\u00edtica, Seguridad Ciudadana y Paz, Capit\u00e1n Diosdado Cabello, ofici\u00f3 el acto de apertura de las nuevas instalaciones.<\/p>\n\n\n\n<p>En total, fueron estrenados el Centro de Adiestramiento Popular Militar-Policial y el \u00c1rea de Mantenimiento Mec\u00e1nico-Preventivo de las Fuerzas Populares Militares-Policiales, del estado Carabobo. Cabello resalt\u00f3 las capacidades del nuevo centro de adiestramiento, que cuenta con simuladores de tiro de primera l\u00ednea, para pistolas y escopetas, y que servir\u00e1 para corregir posiciones y capacitar a los participantes en el uso de la ley y las armas.<\/p>\n\n\n\n<p>Para fortalecer la operatividad de los Cuadrantes de Paz, el ministro inform\u00f3 que cada uno de los 173 circuitos reci\u00e9n activados recibir\u00e1 un tel\u00e9fono para comunicaciones y una unidad de motocicleta. Adicionalmente, se entregaron 43 camionetas que ser\u00e1n asignadas a los cuadrantes de paz, con el objetivo de que cada cuatro circuitos cuenten con una patrulla tipo camioneta. En tal sentido, enfatiz\u00f3 que estas unidades y equipos est\u00e1n destinados a uso exclusivo dentro del territorio de sus respectivos cuadrantes, bajo el control directo de la comunidad, un modelo que, seg\u00fan \u00e9l, ha mostrado una \u00abreducci\u00f3n inmediata de \u00edndices delictivos\u00bb en otras localidades.<\/p>\n\n\n\n<p>El gobernador Rafael Lacava destac\u00f3 la importancia de la \u00abfusi\u00f3n c\u00edvico-militar-policial-popular\u00bb impulsada por el gobierno. Lacava afirm\u00f3 que esta doctrina ha fortalecido la conciencia y organizaci\u00f3n popular, permitiendo un accionar \u00aboperacional sobre cada cent\u00edmetro del territorio\u00bb. El gobernador subray\u00f3 que, si bien Venezuela es un \u00abpueblo de paz\u00bb, estas acciones demuestran que est\u00e1n \u00abpreparados, articulados y organizados\u00bb para defender la naci\u00f3n en caso de cualquier eventualidad, asegurando la continuidad del legado de los libertadores y la lucha contra el colonialismo.<\/p>\n\n\n\n<p><strong>Prensa Presidencial\/ Iliana Rosales<\/strong><\/p>\n\n\n\n<p><\/p>\n","protected":false},"excerpt":{"rendered":"<p>Valencia, Carabobo.- Desde la comuna \u00abVivir\u00e1s por Siempre\u00bb, fueron activados este jueves 173 Cuadrantes de paz en el estado Carabobo e inaugurados un par de centros para el impulso de la formaci\u00f3n de las fuerzas policiales y militares de la regi\u00f3n, a los fines de consolidar pol\u00edticas efectivas en materia de seguridad, defensa y paz. [&hellip;]<\/p>\n","protected":false},"author":1,"featured_media":23634,"comment_status":"open","ping_status":"open","sticky":false,"template":"","format":"standard","meta":{"footnotes":""},"categories":[18,7],"tags":[],"class_list":["post-23629","post","type-post","status-publish","format-standard","has-post-thumbnail","hentry","category-noticias-principales","category-notas-de-prensa"],"_links":{"self":[{"href":"https:\/\/prensapresidencialvenezuela.gob.ve\/index.php\/wp-json\/wp\/v2\/posts\/23629","targetHints":{"allow":["GET"]}}],"collection":[{"href":"https:\/\/prensapresidencialvenezuela.gob.ve\/index.php\/wp-json\/wp\/v2\/posts"}],"about":[{"href":"https:\/\/prensapresidencialvenezuela.gob.ve\/index.php\/wp-json\/wp\/v2\/types\/post"}],"author":[{"embeddable":true,"href":"https:\/\/prensapresidencialvenezuela.gob.ve\/index.php\/wp-json\/wp\/v2\/users\/1"}],"replies":[{"embeddable":true,"href":"https:\/\/prensapresidencialvenezuela.gob.ve\/index.php\/wp-json\/wp\/v2\/comments?post=23629"}],"version-history":[{"count":3,"href":"https:\/\/prensapresidencialvenezuela.gob.ve\/index.php\/wp-json\/wp\/v2\/posts\/23629\/revisions"}],"predecessor-version":[{"id":23635,"href":"https:\/\/prensapresidencialvenezuela.gob.ve\/index.php\/wp-json\/wp\/v2\/posts\/23629\/revisions\/23635"}],"wp:featuredmedia":[{"embeddable":true,"href":"https:\/\/prensapresidencialvenezuela.gob.ve\/index.php\/wp-json\/wp\/v2\/media\/23634"}],"wp:attachment":[{"href":"https:\/\/prensapresidencialvenezuela.gob.ve\/index.php\/wp-json\/wp\/v2\/media?parent=23629"}],"wp:term":[{"taxonomy":"category","embeddable":true,"href":"https:\/\/prensapresidencialvenezuela.gob.ve\/index.php\/wp-json\/wp\/v2\/categories?post=23629"},{"taxonomy":"post_tag","embeddable":true,"href":"https:\/\/prensapresidencialvenezuela.gob.ve\/index.php\/wp-json\/wp\/v2\/tags?post=23629"}],"curies":[{"name":"wp","href":"https:\/\/api.w.org\/{rel}","templated":true}]}}