{"id":23636,"date":"2025-09-05T17:55:13","date_gmt":"2025-09-05T21:55:13","guid":{"rendered":"https:\/\/prensapresidencialvenezuela.gob.ve\/?p=23636"},"modified":"2025-09-05T17:55:14","modified_gmt":"2025-09-05T21:55:14","slug":"activadas-unidades-comunales-milicianas-para-la-defensa-integral-del-pais","status":"publish","type":"post","link":"https:\/\/prensapresidencialvenezuela.gob.ve\/index.php\/2025\/09\/05\/activadas-unidades-comunales-milicianas-para-la-defensa-integral-del-pais\/","title":{"rendered":"Activadas Unidades Comunales Milicianas para la defensa integral del pa\u00eds"},"content":{"rendered":"\n<p><strong>Fuerte Tiuna, Caracas.-<\/strong> El presidente de la Rep\u00fablica Bolivariana de Venezuela y Comandante en Jefe de la Fuerza Armada Nacional Bolivariana (FANB), Nicol\u00e1s Maduro, lidera este viernes la activaci\u00f3n de las Unidades Comunales Milicianas en los 5 336 circuitos comunales de la naci\u00f3n.<\/p>\n\n\n\n<p>Este trascendental acto, celebrado en el Gran Sal\u00f3n Sim\u00f3n Bol\u00edvar de la Universidad Militar Bolivariana, cont\u00f3 con la presencia de la primera dama de la Rep\u00fablica, Cilia Flores; el vicepresidente sectorial de Soberan\u00eda Pol\u00edtica, Seguridad y Paz, G\/J Vladimir Padrino L\u00f3pez, as\u00ed como de los integrantes del tren ministerial y el Estado Mayor Conjunto de la FANB. Entre ellos destacaron el Comandante Estrat\u00e9gico Operacional, G\/J Domingo Hern\u00e1ndez Lares, y el Comandante General de la Milicia Bolivariana de Venezuela, M\/G Orlando Ram\u00f3n Romero Bol\u00edvar, lo que subraya la articulaci\u00f3n c\u00edvico-militar que caracteriza al proceso revolucionario.<\/p>\n\n\n\n<h2 class=\"wp-block-heading\"><strong>Fortalecimiento de la defensa popular<\/strong><\/h2>\n\n\n\n<p>Esta semana, como parte de la segunda fase del Plan Nacional de Soberan\u00eda y Paz Sim\u00f3n Bol\u00edvar, el presidente Nicol\u00e1s Maduro anunci\u00f3 la activaci\u00f3n de 15 751 bases populares de defensa integral en todo el territorio nacional, reforzando as\u00ed el compromiso del Gobierno Bolivariano con la defensa integral de la patria.<strong><\/strong><\/p>\n\n\n\n<p>Estas bases, orientadas a fortalecer la soberan\u00eda y la seguridad nacional, funcionar\u00e1n bajo un esquema de organizaci\u00f3n territorial, que articula al Poder Popular con la FANB. El despliegue masivo forma parte de la <strong>Tercera Transformaci\u00f3n (3T) del Plan de la Patria de las 7 Transformaciones<\/strong>, enfocada en la Paz, la Seguridad y la Integridad Territorial, lo que demuestra la visi\u00f3n estrat\u00e9gica del Ejecutivo para garantizar la protecci\u00f3n del pa\u00eds ante cualquier amenaza.<\/p>\n\n\n\n<figure class=\"wp-block-image size-large\"><img fetchpriority=\"high\" decoding=\"async\" width=\"1024\" height=\"683\" src=\"https:\/\/prensapresidencialvenezuela.gob.ve\/wp-content\/uploads\/2025\/09\/32_ZC__1657_P-1024x683.jpg\" alt=\"\" class=\"wp-image-23640\" srcset=\"https:\/\/prensapresidencialvenezuela.gob.ve\/wp-content\/uploads\/2025\/09\/32_ZC__1657_P-1024x683.jpg 1024w, https:\/\/prensapresidencialvenezuela.gob.ve\/wp-content\/uploads\/2025\/09\/32_ZC__1657_P-300x200.jpg 300w, https:\/\/prensapresidencialvenezuela.gob.ve\/wp-content\/uploads\/2025\/09\/32_ZC__1657_P-768x512.jpg 768w, https:\/\/prensapresidencialvenezuela.gob.ve\/wp-content\/uploads\/2025\/09\/32_ZC__1657_P-1536x1024.jpg 1536w, https:\/\/prensapresidencialvenezuela.gob.ve\/wp-content\/uploads\/2025\/09\/32_ZC__1657_P-2048x1366.jpg 2048w\" sizes=\"(max-width: 1024px) 100vw, 1024px\" \/><\/figure>\n\n\n\n<h2 class=\"wp-block-heading\"><strong>Proceso de alistamiento<\/strong><\/h2>\n\n\n\n<p>El Mandatario nacional destac\u00f3 este jueves que el proceso de alistamiento a la Milicia Bolivariana ser\u00e1 permanente, lo que permitir\u00e1 a los ciudadanos unirse a este componente a trav\u00e9s del Sistema Patria. Esta medida busca movilizar a los m\u00e1s de 8 millones de milicianos y reservistas alistados, garantizando as\u00ed que la participaci\u00f3n en la defensa territorial sea continua y accesible para todo el pueblo.<\/p>\n\n\n\n<p>La Milicia Bolivariana se consolida, as\u00ed como la uni\u00f3n perfecta entre el pueblo y la FANB, en un pilar fundamental para la defensa integral de la naci\u00f3n y la consolidaci\u00f3n de la paz con soberan\u00eda<\/p>\n\n\n\n<p><strong>Prensa Presidencial\/ Iliana Rosales<\/strong><strong><\/strong><\/p>\n","protected":false},"excerpt":{"rendered":"<p>Fuerte Tiuna, Caracas.- El presidente de la Rep\u00fablica Bolivariana de Venezuela y Comandante en Jefe de la Fuerza Armada Nacional Bolivariana (FANB), Nicol\u00e1s Maduro, lidera este viernes la activaci\u00f3n de las Unidades Comunales Milicianas en los 5 336 circuitos comunales de la naci\u00f3n. Este trascendental acto, celebrado en el Gran Sal\u00f3n Sim\u00f3n Bol\u00edvar de la [&hellip;]<\/p>\n","protected":false},"author":1,"featured_media":23639,"comment_status":"open","ping_status":"open","sticky":false,"template":"","format":"standard","meta":{"footnotes":""},"categories":[18,7],"tags":[],"class_list":["post-23636","post","type-post","status-publish","format-standard","has-post-thumbnail","hentry","category-noticias-principales","category-notas-de-prensa"],"_links":{"self":[{"href":"https:\/\/prensapresidencialvenezuela.gob.ve\/index.php\/wp-json\/wp\/v2\/posts\/23636","targetHints":{"allow":["GET"]}}],"collection":[{"href":"https:\/\/prensapresidencialvenezuela.gob.ve\/index.php\/wp-json\/wp\/v2\/posts"}],"about":[{"href":"https:\/\/prensapresidencialvenezuela.gob.ve\/index.php\/wp-json\/wp\/v2\/types\/post"}],"author":[{"embeddable":true,"href":"https:\/\/prensapresidencialvenezuela.gob.ve\/index.php\/wp-json\/wp\/v2\/users\/1"}],"replies":[{"embeddable":true,"href":"https:\/\/prensapresidencialvenezuela.gob.ve\/index.php\/wp-json\/wp\/v2\/comments?post=23636"}],"version-history":[{"count":2,"href":"https:\/\/prensapresidencialvenezuela.gob.ve\/index.php\/wp-json\/wp\/v2\/posts\/23636\/revisions"}],"predecessor-version":[{"id":23641,"href":"https:\/\/prensapresidencialvenezuela.gob.ve\/index.php\/wp-json\/wp\/v2\/posts\/23636\/revisions\/23641"}],"wp:featuredmedia":[{"embeddable":true,"href":"https:\/\/prensapresidencialvenezuela.gob.ve\/index.php\/wp-json\/wp\/v2\/media\/23639"}],"wp:attachment":[{"href":"https:\/\/prensapresidencialvenezuela.gob.ve\/index.php\/wp-json\/wp\/v2\/media?parent=23636"}],"wp:term":[{"taxonomy":"category","embeddable":true,"href":"https:\/\/prensapresidencialvenezuela.gob.ve\/index.php\/wp-json\/wp\/v2\/categories?post=23636"},{"taxonomy":"post_tag","embeddable":true,"href":"https:\/\/prensapresidencialvenezuela.gob.ve\/index.php\/wp-json\/wp\/v2\/tags?post=23636"}],"curies":[{"name":"wp","href":"https:\/\/api.w.org\/{rel}","templated":true}]}}