{"id":23642,"date":"2025-09-05T18:17:33","date_gmt":"2025-09-05T22:17:33","guid":{"rendered":"https:\/\/prensapresidencialvenezuela.gob.ve\/?p=23642"},"modified":"2025-09-05T18:17:34","modified_gmt":"2025-09-05T22:17:34","slug":"pueblo-de-venezuela-da-el-primer-paso-frente-a-las-amenazas-prepotentes-y-soberbias-de-ee-uu","status":"publish","type":"post","link":"https:\/\/prensapresidencialvenezuela.gob.ve\/index.php\/2025\/09\/05\/pueblo-de-venezuela-da-el-primer-paso-frente-a-las-amenazas-prepotentes-y-soberbias-de-ee-uu\/","title":{"rendered":"Pueblo de Venezuela da el primer paso frente a las amenazas prepotentes y soberbias de EE.UU."},"content":{"rendered":"\n<p><strong>Fuerte Tiuna, Caracas.- <\/strong>Desde la Academia Militar del Ej\u00e9rcito Bolivariano, el comandante en jefe de la Fuerza Armada Nacional Bolivariana (FANB), Nicol\u00e1s Maduro Moros, se dirigi\u00f3 al pa\u00eds para dar a conocer los detalles del primer d\u00eda de activaci\u00f3n de las Unidades Comunales de Milicias en los 5 336 circuitos comunales de la naci\u00f3n, para la defensa de la soberan\u00eda nacional, garantizar la paz y mantener la estabilidad de pa\u00eds ante las constantes amenazas del Imperio norteamericano en las aguas del Caribe.<\/p>\n\n\n\n<p>En sus primeras palabras, el Jefe de Estado venezolano dio a conocer que ya inici\u00f3 el registro de voluntario a la Milicia Bolivariana a trav\u00e9s del Sistema Patria, el cual avanza significativamente en el cumplimiento del sentimiento sagrado de defensa de Venezuela. Tambi\u00e9n reconoci\u00f3 el apoyo de los reservistas y de los patriotas militares de Venezuela, que, de manera organizada, de acuerdo al plan, van avanzando en la incorporaci\u00f3n.<\/p>\n\n\n\n<p>Haciendo un especial \u00e9nfasis de la Doctrina Militar Bolivariana, inst\u00f3 a las autoridades presentes a revisar el concepto estrat\u00e9gico militar para la defensa integral de la naci\u00f3n. \u00abNo estamos improvisando, estamos ejecutando lo que son los planes y el concepto, y formando profundamente a nuestro pueblo. Y aqu\u00ed est\u00e1 en cada \u00e1rea, los manuales de trabajo por cada componente, los cuatro componentes: Ej\u00e9rcito, Armada, Aviaci\u00f3n, Guardia Nacional. Y el componente especial, el quinto componente, Milicia Nacional\u00bb, explic\u00f3 para referirse a las acciones formativas que se est\u00e1n llevando a cabo.<\/p>\n\n\n\n<p>A trav\u00e9s de un video del comandante Hugo Ch\u00e1vez, el presidente de Venezuela, record\u00f3 la sabidur\u00eda infinita del Comandante Supremo cuando fund\u00f3 todo este camino de la fusi\u00f3n popular-militar-policial. De la misma manera, destac\u00f3 que el pueblo de Venezuela tiene planes para que reine la paz, la estabilidad, la tranquilidad y la uni\u00f3n nacional, articulada con el nuevo mundo multipolar que ya naci\u00f3.<\/p>\n\n\n\n<h2 class=\"wp-block-heading\"><strong>Oligarqu\u00eda colombiana de la mano con el narcotr\u00e1fico<\/strong><\/h2>\n\n\n\n<p>El mandatario nacional, Nicol\u00e1s Maduro Moros, reiter\u00f3 que Venezuela es un territorio libre de drogas; pero ha sido v\u00edctima de la violencia de la hermana Rep\u00fablica de Colombia en los \u00faltimos 40 a\u00f1os.<\/p>\n\n\n\n<p>\u00abLa oligarqu\u00eda colombiana construy\u00f3 un Estado sometido al narcotr\u00e1fico, con instituciones controladas por el narcotr\u00e1fico. Y surgieron mil grupos llamados autodefensas, paramilitares, etc\u00e9tera (\u2026) Venezuela ha sido v\u00edctima de la violencia surgida de las distintas formas de violencia que en Colombia se han dado, producto de este proceso\u00bb.<\/p>\n\n\n\n<p>Para el presidente Maduro estos procesos de violencia han impactado la vida social de toda Sudam\u00e9rica, pero especialmente la de Venezuela, donde viven 6 millones de colombianos, que han llegado en distintos momentos de situaciones dif\u00edciles del vecino pa\u00eds.<\/p>\n\n\n\n<p><strong>Prensa Presidencial\/ Claudia Guerra M\u00e9ndez<\/strong><\/p>\n","protected":false},"excerpt":{"rendered":"<p>Fuerte Tiuna, Caracas.- Desde la Academia Militar del Ej\u00e9rcito Bolivariano, el comandante en jefe de la Fuerza Armada Nacional Bolivariana (FANB), Nicol\u00e1s Maduro Moros, se dirigi\u00f3 al pa\u00eds para dar a conocer los detalles del primer d\u00eda de activaci\u00f3n de las Unidades Comunales de Milicias en los 5 336 circuitos comunales de la naci\u00f3n, para [&hellip;]<\/p>\n","protected":false},"author":1,"featured_media":23643,"comment_status":"open","ping_status":"open","sticky":false,"template":"","format":"standard","meta":{"footnotes":""},"categories":[18,7],"tags":[],"class_list":["post-23642","post","type-post","status-publish","format-standard","has-post-thumbnail","hentry","category-noticias-principales","category-notas-de-prensa"],"_links":{"self":[{"href":"https:\/\/prensapresidencialvenezuela.gob.ve\/index.php\/wp-json\/wp\/v2\/posts\/23642","targetHints":{"allow":["GET"]}}],"collection":[{"href":"https:\/\/prensapresidencialvenezuela.gob.ve\/index.php\/wp-json\/wp\/v2\/posts"}],"about":[{"href":"https:\/\/prensapresidencialvenezuela.gob.ve\/index.php\/wp-json\/wp\/v2\/types\/post"}],"author":[{"embeddable":true,"href":"https:\/\/prensapresidencialvenezuela.gob.ve\/index.php\/wp-json\/wp\/v2\/users\/1"}],"replies":[{"embeddable":true,"href":"https:\/\/prensapresidencialvenezuela.gob.ve\/index.php\/wp-json\/wp\/v2\/comments?post=23642"}],"version-history":[{"count":1,"href":"https:\/\/prensapresidencialvenezuela.gob.ve\/index.php\/wp-json\/wp\/v2\/posts\/23642\/revisions"}],"predecessor-version":[{"id":23644,"href":"https:\/\/prensapresidencialvenezuela.gob.ve\/index.php\/wp-json\/wp\/v2\/posts\/23642\/revisions\/23644"}],"wp:featuredmedia":[{"embeddable":true,"href":"https:\/\/prensapresidencialvenezuela.gob.ve\/index.php\/wp-json\/wp\/v2\/media\/23643"}],"wp:attachment":[{"href":"https:\/\/prensapresidencialvenezuela.gob.ve\/index.php\/wp-json\/wp\/v2\/media?parent=23642"}],"wp:term":[{"taxonomy":"category","embeddable":true,"href":"https:\/\/prensapresidencialvenezuela.gob.ve\/index.php\/wp-json\/wp\/v2\/categories?post=23642"},{"taxonomy":"post_tag","embeddable":true,"href":"https:\/\/prensapresidencialvenezuela.gob.ve\/index.php\/wp-json\/wp\/v2\/tags?post=23642"}],"curies":[{"name":"wp","href":"https:\/\/api.w.org\/{rel}","templated":true}]}}