{"id":23645,"date":"2025-09-05T18:43:45","date_gmt":"2025-09-05T22:43:45","guid":{"rendered":"https:\/\/prensapresidencialvenezuela.gob.ve\/?p=23645"},"modified":"2025-09-05T18:43:46","modified_gmt":"2025-09-05T22:43:46","slug":"maxima-union-nacional-insto-el-presidente-nicolas-maduro-al-pueblo-venezolano","status":"publish","type":"post","link":"https:\/\/prensapresidencialvenezuela.gob.ve\/index.php\/2025\/09\/05\/maxima-union-nacional-insto-el-presidente-nicolas-maduro-al-pueblo-venezolano\/","title":{"rendered":"M\u00e1xima uni\u00f3n nacional inst\u00f3 el Presidente Nicol\u00e1s Maduro al pueblo venezolano"},"content":{"rendered":"\n<p><strong>Fuerte Tiuna, Caracas.- <\/strong>Un llamado a dar paso para que toda Venezuela, de una u otra manera, se articule en la defensa del derecho a la paz, en la defensa de la independencia de Venezuela, en la defensa de la integridad territorial y de las riquezas naturales, hizo este viernes el presidente de la Rep\u00fablica Bolivariana de Venezuela, Nicol\u00e1s Maduro Moros, a todo el pueblo venezolano.<\/p>\n\n\n\n<p>De forma pragm\u00e1tica dijo que esta preparaci\u00f3n dentro de la Milicia Bolivariana, va en la defensa del derecho de la familia venezolana, a vivir en comunidad, a desarrollarse, a vivir en paz y a construir su propia prosperidad.<\/p>\n\n\n\n<p>En este sentido, invit\u00f3 a \u00abunir toda la Patria, unir todo el pueblo, unir todo el pa\u00eds, unir toda Am\u00e9rica Latina y el Caribe, para defender nuestros derechos, nuestra tierra, nuestros cielos, nuestros mares y, sobre todo, a nuestro pueblo\u00bb, expres\u00f3 el Jefe de Estado de Venezuela.<\/p>\n\n\n\n<p>Precis\u00f3 el llamado para todos los involucrados recordando al T\u00edo Ho: \u00abunir a todo el que pueda ser unido contra el enemigo principal\u00bb. <strong><\/strong><\/p>\n\n\n\n<h2 class=\"wp-block-heading\"><strong>Un comunicado que marc\u00f3 la pauta<\/strong><\/h2>\n\n\n\n<p>En su discurso, el Presidente Nicol\u00e1s Maduro Moros agradeci\u00f3 a la oficialidad, a la milicia, a los l\u00edderes de todas las comunidades, de todos los pueblos de Venezuela, de todas las ciudades, barrios y asentamientos, el gran compromiso mostrado durante las jornadas de alistamiento y preparaci\u00f3n.<\/p>\n\n\n\n<p>Tambi\u00e9n envi\u00f3 su profundo agradecimiento a los pa\u00edses de la Comunidad de Estados Latinoamericanos y Caribe\u00f1os (CELAC) por el contundente comunicado, en rechazo a las amenazas de Estados Unidos en el Caribe y en respaldo al pueblo de Venezuela en su derecho a la convivencia, a la paz.<\/p>\n\n\n\n<p>\u00abVerdaderamente, es un comunicado que marca la pauta de lo que es la reacci\u00f3n del mundo, reacci\u00f3n positiva de los pueblos, diciendo Am\u00e9rica Latina y el Caribe es territorio de paz, no es territorio de ambiciones, ni amenazas imperiales. Agradezco a la Comunidad de Estados Latinoamericanos y Caribe\u00f1os\u00bb, dijo el Mandatario Nacional.<\/p>\n\n\n\n<p><strong>Prensa Presidencial\/Claudia Guerra M\u00e9ndez<\/strong><\/p>\n","protected":false},"excerpt":{"rendered":"<p>Fuerte Tiuna, Caracas.- Un llamado a dar paso para que toda Venezuela, de una u otra manera, se articule en la defensa del derecho a la paz, en la defensa de la independencia de Venezuela, en la defensa de la integridad territorial y de las riquezas naturales, hizo este viernes el presidente de la Rep\u00fablica [&hellip;]<\/p>\n","protected":false},"author":1,"featured_media":23646,"comment_status":"open","ping_status":"open","sticky":false,"template":"","format":"standard","meta":{"footnotes":""},"categories":[18,7],"tags":[],"class_list":["post-23645","post","type-post","status-publish","format-standard","has-post-thumbnail","hentry","category-noticias-principales","category-notas-de-prensa"],"_links":{"self":[{"href":"https:\/\/prensapresidencialvenezuela.gob.ve\/index.php\/wp-json\/wp\/v2\/posts\/23645","targetHints":{"allow":["GET"]}}],"collection":[{"href":"https:\/\/prensapresidencialvenezuela.gob.ve\/index.php\/wp-json\/wp\/v2\/posts"}],"about":[{"href":"https:\/\/prensapresidencialvenezuela.gob.ve\/index.php\/wp-json\/wp\/v2\/types\/post"}],"author":[{"embeddable":true,"href":"https:\/\/prensapresidencialvenezuela.gob.ve\/index.php\/wp-json\/wp\/v2\/users\/1"}],"replies":[{"embeddable":true,"href":"https:\/\/prensapresidencialvenezuela.gob.ve\/index.php\/wp-json\/wp\/v2\/comments?post=23645"}],"version-history":[{"count":1,"href":"https:\/\/prensapresidencialvenezuela.gob.ve\/index.php\/wp-json\/wp\/v2\/posts\/23645\/revisions"}],"predecessor-version":[{"id":23647,"href":"https:\/\/prensapresidencialvenezuela.gob.ve\/index.php\/wp-json\/wp\/v2\/posts\/23645\/revisions\/23647"}],"wp:featuredmedia":[{"embeddable":true,"href":"https:\/\/prensapresidencialvenezuela.gob.ve\/index.php\/wp-json\/wp\/v2\/media\/23646"}],"wp:attachment":[{"href":"https:\/\/prensapresidencialvenezuela.gob.ve\/index.php\/wp-json\/wp\/v2\/media?parent=23645"}],"wp:term":[{"taxonomy":"category","embeddable":true,"href":"https:\/\/prensapresidencialvenezuela.gob.ve\/index.php\/wp-json\/wp\/v2\/categories?post=23645"},{"taxonomy":"post_tag","embeddable":true,"href":"https:\/\/prensapresidencialvenezuela.gob.ve\/index.php\/wp-json\/wp\/v2\/tags?post=23645"}],"curies":[{"name":"wp","href":"https:\/\/api.w.org\/{rel}","templated":true}]}}