{"id":23648,"date":"2025-09-05T19:12:44","date_gmt":"2025-09-05T23:12:44","guid":{"rendered":"https:\/\/prensapresidencialvenezuela.gob.ve\/?p=23648"},"modified":"2025-09-05T19:13:22","modified_gmt":"2025-09-05T23:13:22","slug":"activacion-de-las-15-mil-700-bases-populares-de-defensa-integral-es-el-proximo-paso-nacional","status":"publish","type":"post","link":"https:\/\/prensapresidencialvenezuela.gob.ve\/index.php\/2025\/09\/05\/activacion-de-las-15-mil-700-bases-populares-de-defensa-integral-es-el-proximo-paso-nacional\/","title":{"rendered":"Activaci\u00f3n de las 15 mil 700 bases populares de defensa integral es el pr\u00f3ximo paso nacional"},"content":{"rendered":"\n<p><strong>Fuerte Tiuna, Caracas.-<\/strong> Luego de las dos jornadas de alistamiento nacional, realizadas los dos \u00faltimos fines de semana del mes agosto, el Comandante en Jefe, Nicol\u00e1s Maduro Moros, explic\u00f3 que se ha cumplido con el primer paso de la Doctrina Militar Bolivariana y el siguiente paso es la activaci\u00f3n bases populares de defensa integral en todo el pa\u00eds.<\/p>\n\n\n\n<p>Durante su alocuci\u00f3n, el Jefe de Estado le solicit\u00f3 al ministro del Poder Popular para Comunas, Movimientos Sociales y Agricultura Urbana, \u00c1ngel Prado, realizar la convocatoria a los ciudadanos alistados, que se est\u00e1 cumpliendo de manera progresiva a partir de este viernes, 05 de septiembre.<\/p>\n\n\n\n<p>El Paso a paso deber\u00e1 consistir en que cada unidad comunal de milicia debe de inmediato activar sus bases populares de defensa integral, en total son 15 mil 751 y, en consecuencia, se deber\u00e1 convocar a todo el personal alistado en los tiempos reales de alistamiento.<\/p>\n\n\n\n<figure class=\"wp-block-image size-large\"><img fetchpriority=\"high\" decoding=\"async\" width=\"975\" height=\"1024\" src=\"https:\/\/prensapresidencialvenezuela.gob.ve\/wp-content\/uploads\/2025\/09\/05_ZC_L1436_P-975x1024.jpg\" alt=\"\" class=\"wp-image-23650\" srcset=\"https:\/\/prensapresidencialvenezuela.gob.ve\/wp-content\/uploads\/2025\/09\/05_ZC_L1436_P-975x1024.jpg 975w, https:\/\/prensapresidencialvenezuela.gob.ve\/wp-content\/uploads\/2025\/09\/05_ZC_L1436_P-286x300.jpg 286w, https:\/\/prensapresidencialvenezuela.gob.ve\/wp-content\/uploads\/2025\/09\/05_ZC_L1436_P-768x807.jpg 768w, https:\/\/prensapresidencialvenezuela.gob.ve\/wp-content\/uploads\/2025\/09\/05_ZC_L1436_P-1462x1536.jpg 1462w, https:\/\/prensapresidencialvenezuela.gob.ve\/wp-content\/uploads\/2025\/09\/05_ZC_L1436_P.jpg 1904w\" sizes=\"(max-width: 975px) 100vw, 975px\" \/><\/figure>\n\n\n\n<blockquote class=\"wp-block-quote is-layout-flow wp-block-quote-is-layout-flow\">\n<p>\u00abEl alistamiento est\u00e1 abierto y en los tiempos reales que se vayan alistando, nuestros compatriotas, vecinos, vecinas, ciudadanos, ciudadanas, deben inmediatamente ser incorporados en las distintas tareas correspondientes de acuerdo a la voluntad, siempre a la voluntad y a la vocaci\u00f3n, a la preparaci\u00f3n que tenga cada quien\u00bb, explic\u00f3 el Mandatario Nacional.<\/p>\n<\/blockquote>\n\n\n\n<p>El siguiente paso, seg\u00fan la Doctrina Militar Bolivariana, es el trabajo del Comando Estrat\u00e9gico Operacional de la Fuerza Armada Nacional Bolivariana (CEOFAM), que deber\u00e1 activar la movilizaci\u00f3n de las milicias territoriales y cuerpos combatientes por regi\u00f3n geogr\u00e1fica comunal, a trav\u00e9s del sistema Patria y de los medios de comunicaci\u00f3n disponibles.<\/p>\n\n\n\n<blockquote class=\"wp-block-quote is-layout-flow wp-block-quote-is-layout-flow\">\n<p>\u00abVamos a trabajar los conceptos de territorios de paz y soberan\u00eda y zonas de paz y soberan\u00eda. Ya el equipo est\u00e1 trabajando eso por la Regi\u00f3n Estrat\u00e9gica de Defensa Integral (REDI), por las Zonas Operativas de Defensa Integral (ZODI) y por todo el territorio nacional. Para nosotros estar siempre alerta\u00bb, explic\u00f3 el Presidente Maduro.<\/p>\n<\/blockquote>\n\n\n\n<p>Para el Dignatario Nacional la Patria es el pueblo y es lo que se est\u00e1 defendiendo. Argument\u00f3 de manera espec\u00edfica que \u00abla Patria es nuestra tierra, nuestros mares, nuestros r\u00edos, nuestras monta\u00f1as, nuestro cielo; pero la Patria final es el cuerpo, es el nervio, es el cerebro, es el coraz\u00f3n\u00bb, porque a su criterio Venezuela es un pa\u00eds que tiene una vocaci\u00f3n pac\u00edfica.<\/p>\n\n\n\n<p><strong>Prensa Presidencial\/ Claudia Guerra M\u00e9ndez<\/strong><\/p>\n","protected":false},"excerpt":{"rendered":"<p>Fuerte Tiuna, Caracas.- Luego de las dos jornadas de alistamiento nacional, realizadas los dos \u00faltimos fines de semana del mes agosto, el Comandante en Jefe, Nicol\u00e1s Maduro Moros, explic\u00f3 que se ha cumplido con el primer paso de la Doctrina Militar Bolivariana y el siguiente paso es la activaci\u00f3n bases populares de defensa integral en [&hellip;]<\/p>\n","protected":false},"author":1,"featured_media":23653,"comment_status":"open","ping_status":"open","sticky":false,"template":"","format":"standard","meta":{"footnotes":""},"categories":[18,7],"tags":[],"class_list":["post-23648","post","type-post","status-publish","format-standard","has-post-thumbnail","hentry","category-noticias-principales","category-notas-de-prensa"],"_links":{"self":[{"href":"https:\/\/prensapresidencialvenezuela.gob.ve\/index.php\/wp-json\/wp\/v2\/posts\/23648","targetHints":{"allow":["GET"]}}],"collection":[{"href":"https:\/\/prensapresidencialvenezuela.gob.ve\/index.php\/wp-json\/wp\/v2\/posts"}],"about":[{"href":"https:\/\/prensapresidencialvenezuela.gob.ve\/index.php\/wp-json\/wp\/v2\/types\/post"}],"author":[{"embeddable":true,"href":"https:\/\/prensapresidencialvenezuela.gob.ve\/index.php\/wp-json\/wp\/v2\/users\/1"}],"replies":[{"embeddable":true,"href":"https:\/\/prensapresidencialvenezuela.gob.ve\/index.php\/wp-json\/wp\/v2\/comments?post=23648"}],"version-history":[{"count":1,"href":"https:\/\/prensapresidencialvenezuela.gob.ve\/index.php\/wp-json\/wp\/v2\/posts\/23648\/revisions"}],"predecessor-version":[{"id":23651,"href":"https:\/\/prensapresidencialvenezuela.gob.ve\/index.php\/wp-json\/wp\/v2\/posts\/23648\/revisions\/23651"}],"wp:featuredmedia":[{"embeddable":true,"href":"https:\/\/prensapresidencialvenezuela.gob.ve\/index.php\/wp-json\/wp\/v2\/media\/23653"}],"wp:attachment":[{"href":"https:\/\/prensapresidencialvenezuela.gob.ve\/index.php\/wp-json\/wp\/v2\/media?parent=23648"}],"wp:term":[{"taxonomy":"category","embeddable":true,"href":"https:\/\/prensapresidencialvenezuela.gob.ve\/index.php\/wp-json\/wp\/v2\/categories?post=23648"},{"taxonomy":"post_tag","embeddable":true,"href":"https:\/\/prensapresidencialvenezuela.gob.ve\/index.php\/wp-json\/wp\/v2\/tags?post=23648"}],"curies":[{"name":"wp","href":"https:\/\/api.w.org\/{rel}","templated":true}]}}