{"id":23658,"date":"2025-09-05T20:47:14","date_gmt":"2025-09-06T00:47:14","guid":{"rendered":"https:\/\/prensapresidencialvenezuela.gob.ve\/?p=23658"},"modified":"2025-09-05T20:47:14","modified_gmt":"2025-09-06T00:47:14","slug":"unidades-milicianas-comunales-union-perfecta-para-la-defensa-de-la-patria","status":"publish","type":"post","link":"https:\/\/prensapresidencialvenezuela.gob.ve\/index.php\/2025\/09\/05\/unidades-milicianas-comunales-union-perfecta-para-la-defensa-de-la-patria\/","title":{"rendered":"Unidades Milicianas Comunales: Uni\u00f3n perfecta para la defensa de la Patria"},"content":{"rendered":"\n<p><strong>Fuerte Tiuna, Caracas. \u2013 <\/strong>Desde el estado Falc\u00f3n, el ministro del Poder Popular para la Pesca y Acuicultura, Juan Carlos Loyo, afirm\u00f3 que la milicia de pescadores del pa\u00eds, se ha mantenido en fusi\u00f3n perfecta con la Fuerza Armada Nacional Bolivariana (FANB), y los cuerpos policiales, con el objetivo de fortalecer la capacidad de defensa de la Patria.<\/p>\n\n\n\n<p>En este sentido, el Ministro realiz\u00f3 la activaci\u00f3n de las Unidades Milicianas Comunales (UMC), en los 296 Circuitos Comunales de la entidad, resaltando a su vez, el Consejo de Pescadores, Pescadoras, Acuicultores y Acuicultoras Artesanales (CONPPA) est\u00e1 en contante formaci\u00f3n para dar cumplimiento a las instrucciones del presidente Nicol\u00e1s Maduro.<\/p>\n\n\n\n<p>Desde la Base Naval \u00abJuan Cris\u00f3stomo Falc\u00f3n\u00bb, una de las bases de mayor importancia de la Armada Nacional Bolivariana, el titular de la cartera ministerial, destac\u00f3 que los trabajadores del \u00e1rea pesquera y acu\u00edcola se han reunido hoy, para decirle a toda Venezuela, en este primer ciclo de convocatoria de alistamiento y de organizaci\u00f3n, que los mil 537 CONPPA a lo largo de toda la geograf\u00eda venezolana, est\u00e1n en vanguardia para el resguardo de la paz y tranquilidad de la Naci\u00f3n.<\/p>\n\n\n\n<p>Mientras que el comandante de la Zona Operativa de Defensa Integral (ZODI) mar\u00edtima, vicealmirante \u00c1ngel Cisco Mota, subray\u00f3 que los batallones de formaci\u00f3n de milicias de pescadores y batallones especiales, trabajan de manera conjunta con el Poder Popular para defender la Patria de Bol\u00edvar y Ch\u00e1vez.&nbsp;<\/p>\n\n\n\n<p><strong>Estado Apure<\/strong><\/p>\n\n\n\n<p>Desde la entidad apure\u00f1a, el gobernador Wilmer Rodr\u00edguez, encabez\u00f3 la fusi\u00f3n de los Cuerpo de combatientes pescadores y diferentes empresas de la localidad apure\u00f1a, con las 181 UMC.&nbsp;<\/p>\n\n\n\n<p>Por su parte, el MG Hern\u00e1ndez Brice\u00f1o, comandante de la Regi\u00f3n Estrat\u00e9gica de Defensa Integral (REDI) Los Llanos, precis\u00f3 que de manera unificada se estar\u00e1 realizando el ciclo de activaci\u00f3n completa de las UMC, para mantener la paz de la Rep\u00fablica.<\/p>\n\n\n\n<p><strong>Prensa Presidencial\/ Irmary D\u00edaz<\/strong><\/p>\n","protected":false},"excerpt":{"rendered":"<p>Fuerte Tiuna, Caracas. \u2013 Desde el estado Falc\u00f3n, el ministro del Poder Popular para la Pesca y Acuicultura, Juan Carlos Loyo, afirm\u00f3 que la milicia de pescadores del pa\u00eds, se ha mantenido en fusi\u00f3n perfecta con la Fuerza Armada Nacional Bolivariana (FANB), y los cuerpos policiales, con el objetivo de fortalecer la capacidad de defensa [&hellip;]<\/p>\n","protected":false},"author":1,"featured_media":23659,"comment_status":"open","ping_status":"open","sticky":false,"template":"","format":"standard","meta":{"footnotes":""},"categories":[18,7],"tags":[],"class_list":["post-23658","post","type-post","status-publish","format-standard","has-post-thumbnail","hentry","category-noticias-principales","category-notas-de-prensa"],"_links":{"self":[{"href":"https:\/\/prensapresidencialvenezuela.gob.ve\/index.php\/wp-json\/wp\/v2\/posts\/23658","targetHints":{"allow":["GET"]}}],"collection":[{"href":"https:\/\/prensapresidencialvenezuela.gob.ve\/index.php\/wp-json\/wp\/v2\/posts"}],"about":[{"href":"https:\/\/prensapresidencialvenezuela.gob.ve\/index.php\/wp-json\/wp\/v2\/types\/post"}],"author":[{"embeddable":true,"href":"https:\/\/prensapresidencialvenezuela.gob.ve\/index.php\/wp-json\/wp\/v2\/users\/1"}],"replies":[{"embeddable":true,"href":"https:\/\/prensapresidencialvenezuela.gob.ve\/index.php\/wp-json\/wp\/v2\/comments?post=23658"}],"version-history":[{"count":1,"href":"https:\/\/prensapresidencialvenezuela.gob.ve\/index.php\/wp-json\/wp\/v2\/posts\/23658\/revisions"}],"predecessor-version":[{"id":23660,"href":"https:\/\/prensapresidencialvenezuela.gob.ve\/index.php\/wp-json\/wp\/v2\/posts\/23658\/revisions\/23660"}],"wp:featuredmedia":[{"embeddable":true,"href":"https:\/\/prensapresidencialvenezuela.gob.ve\/index.php\/wp-json\/wp\/v2\/media\/23659"}],"wp:attachment":[{"href":"https:\/\/prensapresidencialvenezuela.gob.ve\/index.php\/wp-json\/wp\/v2\/media?parent=23658"}],"wp:term":[{"taxonomy":"category","embeddable":true,"href":"https:\/\/prensapresidencialvenezuela.gob.ve\/index.php\/wp-json\/wp\/v2\/categories?post=23658"},{"taxonomy":"post_tag","embeddable":true,"href":"https:\/\/prensapresidencialvenezuela.gob.ve\/index.php\/wp-json\/wp\/v2\/tags?post=23658"}],"curies":[{"name":"wp","href":"https:\/\/api.w.org\/{rel}","templated":true}]}}