{"id":23662,"date":"2025-09-05T20:49:15","date_gmt":"2025-09-06T00:49:15","guid":{"rendered":"https:\/\/prensapresidencialvenezuela.gob.ve\/?p=23662"},"modified":"2025-09-05T20:49:16","modified_gmt":"2025-09-06T00:49:16","slug":"cuerpo-de-combatientes-del-sector-hidrocarburos-incremento-en-un-600","status":"publish","type":"post","link":"https:\/\/prensapresidencialvenezuela.gob.ve\/index.php\/2025\/09\/05\/cuerpo-de-combatientes-del-sector-hidrocarburos-incremento-en-un-600\/","title":{"rendered":"Cuerpo de Combatientes del sector hidrocarburos increment\u00f3 en un 600%"},"content":{"rendered":"\n<p><strong>Fuerte Tiuna, Caracas.-<\/strong> El presidente de la Rep\u00fablica Bolivariana de Venezuela, Nicol\u00e1s Maduro, lider\u00f3 la activaci\u00f3n de las Unidades de Milicia Comunal (UMC) en los 5 336 circuitos comunales de Venezuela, un hito que reafirma la uni\u00f3n c\u00edvico-militar para la defensa de la soberan\u00eda nacional.<\/p>\n\n\n\n<p>Durante la jornada, el Mandatario realiz\u00f3 un pase televisivo a Anzo\u00e1tegui, donde la vicepresidenta de la Rep\u00fablica, Delcy Rodr\u00edguez, y el gobernador Luis Jos\u00e9 Marcano anunciaron el impresionante crecimiento del Cuerpo de Combatientes del sector petrolero.<\/p>\n\n\n\n<p>El presidente Maduro destac\u00f3 que la incorporaci\u00f3n de la ciudadan\u00eda al sistema defensivo nacional forma parte del Plan Integral de la Patria, un proyecto hist\u00f3rico que cuenta con siete l\u00edneas de transformaci\u00f3n, entre ellas la Tercera T, enfocada en resguardar la seguridad y soberan\u00eda nacional. El Jefe de Estado explic\u00f3 que se est\u00e1n desarrollando todos los m\u00e9todos y fases para garantizar la defensa de la naci\u00f3n de forma progresiva.<\/p>\n\n\n\n<p><strong>Cuerpo de Combatientes de la industria petrolera increment\u00f3 en un 600%<\/strong><\/p>\n\n\n\n<p>Desde el sector Los Guaraguaos, la vicepresidenta Rodr\u00edguez activ\u00f3 las UMC del sector petrolero en cumplimiento a las instrucciones del Presidente, demostrando que la clase trabajadora est\u00e1 lista para la batalla. En este sentido, notific\u00f3 que el Cuerpo de Combatientes de la industria petrolera, del gas y de la petroqu\u00edmica, increment\u00f3 en un 600%, una respuesta contundente ante las arremetidas del imperialismo.<\/p>\n\n\n\n<p>\u00abSeguiremos cumpliendo sus instrucciones para elevar el apresto operacional, para estar listos y pasar de esta etapa de alistamiento a activarnos en operaciones y procesos de formaci\u00f3n (&#8230;). Quien intente amedrentarnos, morder\u00e1 el polvo de la derrota en la industria del petr\u00f3leo, del gas y de la petroqu\u00edmica\u00bb, asever\u00f3 Rodr\u00edguez.<\/p>\n\n\n\n<p>Por su parte, el gobernador Luis Marcano agreg\u00f3 que, siguiendo los lineamientos del Alto Mando Pol\u00edtico, los 205 Circuitos Comunales de Anzo\u00e1tegui han activado sus UMC y se han desplegado en las calles para ratificar que la entidad \u00abest\u00e1 firme en defensa de los intereses nacionales\u00bb.<\/p>\n\n\n\n<p><strong>Prensa Presidencial\/ Irmary Diaz<\/strong><\/p>\n","protected":false},"excerpt":{"rendered":"<p>Fuerte Tiuna, Caracas.- El presidente de la Rep\u00fablica Bolivariana de Venezuela, Nicol\u00e1s Maduro, lider\u00f3 la activaci\u00f3n de las Unidades de Milicia Comunal (UMC) en los 5 336 circuitos comunales de Venezuela, un hito que reafirma la uni\u00f3n c\u00edvico-militar para la defensa de la soberan\u00eda nacional. Durante la jornada, el Mandatario realiz\u00f3 un pase televisivo a [&hellip;]<\/p>\n","protected":false},"author":1,"featured_media":23663,"comment_status":"open","ping_status":"open","sticky":false,"template":"","format":"standard","meta":{"footnotes":""},"categories":[18,7],"tags":[],"class_list":["post-23662","post","type-post","status-publish","format-standard","has-post-thumbnail","hentry","category-noticias-principales","category-notas-de-prensa"],"_links":{"self":[{"href":"https:\/\/prensapresidencialvenezuela.gob.ve\/index.php\/wp-json\/wp\/v2\/posts\/23662","targetHints":{"allow":["GET"]}}],"collection":[{"href":"https:\/\/prensapresidencialvenezuela.gob.ve\/index.php\/wp-json\/wp\/v2\/posts"}],"about":[{"href":"https:\/\/prensapresidencialvenezuela.gob.ve\/index.php\/wp-json\/wp\/v2\/types\/post"}],"author":[{"embeddable":true,"href":"https:\/\/prensapresidencialvenezuela.gob.ve\/index.php\/wp-json\/wp\/v2\/users\/1"}],"replies":[{"embeddable":true,"href":"https:\/\/prensapresidencialvenezuela.gob.ve\/index.php\/wp-json\/wp\/v2\/comments?post=23662"}],"version-history":[{"count":1,"href":"https:\/\/prensapresidencialvenezuela.gob.ve\/index.php\/wp-json\/wp\/v2\/posts\/23662\/revisions"}],"predecessor-version":[{"id":23664,"href":"https:\/\/prensapresidencialvenezuela.gob.ve\/index.php\/wp-json\/wp\/v2\/posts\/23662\/revisions\/23664"}],"wp:featuredmedia":[{"embeddable":true,"href":"https:\/\/prensapresidencialvenezuela.gob.ve\/index.php\/wp-json\/wp\/v2\/media\/23663"}],"wp:attachment":[{"href":"https:\/\/prensapresidencialvenezuela.gob.ve\/index.php\/wp-json\/wp\/v2\/media?parent=23662"}],"wp:term":[{"taxonomy":"category","embeddable":true,"href":"https:\/\/prensapresidencialvenezuela.gob.ve\/index.php\/wp-json\/wp\/v2\/categories?post=23662"},{"taxonomy":"post_tag","embeddable":true,"href":"https:\/\/prensapresidencialvenezuela.gob.ve\/index.php\/wp-json\/wp\/v2\/tags?post=23662"}],"curies":[{"name":"wp","href":"https:\/\/api.w.org\/{rel}","templated":true}]}}