{"id":23674,"date":"2025-09-08T19:29:00","date_gmt":"2025-09-08T23:29:00","guid":{"rendered":"https:\/\/prensapresidencialvenezuela.gob.ve\/?p=23674"},"modified":"2025-09-09T15:11:48","modified_gmt":"2025-09-09T19:11:48","slug":"navidad-venezolana-arranca-con-toda-la-alegria-el-proximo-1-o-de-octubre","status":"publish","type":"post","link":"https:\/\/prensapresidencialvenezuela.gob.ve\/index.php\/2025\/09\/08\/navidad-venezolana-arranca-con-toda-la-alegria-el-proximo-1-o-de-octubre\/","title":{"rendered":"Navidad venezolana arranca con toda la alegr\u00eda el pr\u00f3ximo 1.\u00ba de octubre"},"content":{"rendered":"\n<p><strong>Palacio de Miraflores, Caracas.- <\/strong>Durante su programa habitual, <em>Con Maduro + <\/em>N.\u00ba 90<strong>, <\/strong>el presidente de la Rep\u00fablica Bolivariana de Venezuela, Nicol\u00e1s Maduro Moros, manifest\u00f3, con relaci\u00f3n a las venideras fiestas navide\u00f1as, que el pueblo de Venezuela continuar\u00e1 en la defensa del derecho a la felicidad y a la alegr\u00eda, y que una muestra de ello es celebrar estas fechas tan importantes en familia.<\/p>\n\n\n\n<p>En este sentido, el Jefe de Estado decret\u00f3 que el pr\u00f3ximo primero (1.<sup>o<\/sup>) de octubre arranca la Navidad en Venezuela, con alegr\u00eda, comercio, actividades, cultura, villancicos, gaita, y con la preparaci\u00f3n de las hallacas, la cual describi\u00f3 como la forma m\u00e1s alegre de defender el derecho a la prosperidad, que \u00abnada ni nadie le quitar\u00e1 al pueblo venezolano\u00bb.<\/p>\n\n\n\n<p>El Mandatario nacional tambi\u00e9n refiri\u00f3 que, a pesar de las dificultades, el pa\u00eds ha florecido y ha dado respuestas contundentes a cada prueba que se ha presentado; resaltando, adem\u00e1s: \u00abNos hemos reinventado y de las dificultades ha surgido lo mejor de nosotros, la capacidad de rehacernos y de reconstruirnos\u00bb.<\/p>\n\n\n\n<h2 class=\"wp-block-heading\"><strong>Celebraci\u00f3n de la Virgen del Valle<\/strong><\/h2>\n\n\n\n<p>Respecto a este d\u00eda tan devoto para el pueblo en general, pero m\u00e1s para el oriente del pa\u00eds, el l\u00edder venezolano celebr\u00f3 el D\u00eda de la Virgen del Valle, patrona de marineros y pescadores, pero tambi\u00e9n de la Armada Nacional Bolivariana.<\/p>\n\n\n\n<p>En esta l\u00ednea, el Dignatario acot\u00f3 que esta fecha tan emotiva y espiritual, no solo se evoca en el oriente de Venezuela, sino en todas las costas venezolanas.<\/p>\n\n\n\n<p>Por otra parte, acot\u00f3 que la naci\u00f3n est\u00e1 en vanguardia, cuidando de forma permanente su felicidad, econom\u00eda, desarrollo comercial y cultura; para as\u00ed garantizar la alegr\u00eda de cada uno de los venezolanos.<\/p>\n\n\n\n<p><strong>Prensa Presidencial\/ Irmary D\u00edaz<\/strong><\/p>\n","protected":false},"excerpt":{"rendered":"<p>Palacio de Miraflores, Caracas.- Durante su programa habitual, Con Maduro + N.\u00ba 90, el presidente de la Rep\u00fablica Bolivariana de Venezuela, Nicol\u00e1s Maduro Moros, manifest\u00f3, con relaci\u00f3n a las venideras fiestas navide\u00f1as, que el pueblo de Venezuela continuar\u00e1 en la defensa del derecho a la felicidad y a la alegr\u00eda, y que una muestra de [&hellip;]<\/p>\n","protected":false},"author":1,"featured_media":23675,"comment_status":"open","ping_status":"open","sticky":false,"template":"","format":"standard","meta":{"footnotes":""},"categories":[18,7],"tags":[],"class_list":["post-23674","post","type-post","status-publish","format-standard","has-post-thumbnail","hentry","category-noticias-principales","category-notas-de-prensa"],"_links":{"self":[{"href":"https:\/\/prensapresidencialvenezuela.gob.ve\/index.php\/wp-json\/wp\/v2\/posts\/23674","targetHints":{"allow":["GET"]}}],"collection":[{"href":"https:\/\/prensapresidencialvenezuela.gob.ve\/index.php\/wp-json\/wp\/v2\/posts"}],"about":[{"href":"https:\/\/prensapresidencialvenezuela.gob.ve\/index.php\/wp-json\/wp\/v2\/types\/post"}],"author":[{"embeddable":true,"href":"https:\/\/prensapresidencialvenezuela.gob.ve\/index.php\/wp-json\/wp\/v2\/users\/1"}],"replies":[{"embeddable":true,"href":"https:\/\/prensapresidencialvenezuela.gob.ve\/index.php\/wp-json\/wp\/v2\/comments?post=23674"}],"version-history":[{"count":2,"href":"https:\/\/prensapresidencialvenezuela.gob.ve\/index.php\/wp-json\/wp\/v2\/posts\/23674\/revisions"}],"predecessor-version":[{"id":23741,"href":"https:\/\/prensapresidencialvenezuela.gob.ve\/index.php\/wp-json\/wp\/v2\/posts\/23674\/revisions\/23741"}],"wp:featuredmedia":[{"embeddable":true,"href":"https:\/\/prensapresidencialvenezuela.gob.ve\/index.php\/wp-json\/wp\/v2\/media\/23675"}],"wp:attachment":[{"href":"https:\/\/prensapresidencialvenezuela.gob.ve\/index.php\/wp-json\/wp\/v2\/media?parent=23674"}],"wp:term":[{"taxonomy":"category","embeddable":true,"href":"https:\/\/prensapresidencialvenezuela.gob.ve\/index.php\/wp-json\/wp\/v2\/categories?post=23674"},{"taxonomy":"post_tag","embeddable":true,"href":"https:\/\/prensapresidencialvenezuela.gob.ve\/index.php\/wp-json\/wp\/v2\/tags?post=23674"}],"curies":[{"name":"wp","href":"https:\/\/api.w.org\/{rel}","templated":true}]}}