{"id":2368,"date":"2022-06-12T16:42:00","date_gmt":"2022-06-12T16:42:00","guid":{"rendered":"http:\/\/172.27.0.121\/?p=2368"},"modified":"2022-07-13T16:43:41","modified_gmt":"2022-07-13T16:43:41","slug":"eurasia-apunta-a-ser-la-region-con-mayor-crecimiento-economico","status":"publish","type":"post","link":"https:\/\/prensapresidencialvenezuela.gob.ve\/index.php\/2022\/06\/12\/eurasia-apunta-a-ser-la-region-con-mayor-crecimiento-economico\/","title":{"rendered":"Eurasia apunta a ser la regi\u00f3n con mayor crecimiento econ\u00f3mico"},"content":{"rendered":"\n<p><strong>Ankara, T\u00fcrkiye.- <\/strong>Las perspectivas econ\u00f3micas indican que Eurasia ser\u00e1 la regi\u00f3n \u201cde mayor dinamismo comercial, financiero y energ\u00e9tico del siglo XXI\u201d raz\u00f3n por la cual la ampliaci\u00f3n de la cooperaci\u00f3n estrat\u00e9gica es el prop\u00f3sito fundamental de la agenda internacional del presidente de la Rep\u00fablica, Nicol\u00e1s Maduro.<\/p>\n\n\n\n<p>En este sentido, destac\u00f3 que T\u00fcrkiye es la primera parada de \u201cuna gira muy importante en toda la regi\u00f3n de Eurasia\u201d, cuyas oportunidades de beneficio compartido no solo se reducen al \u00e1rea econ\u00f3mica y comercial, sino tambi\u00e9n al cultural.<\/p>\n\n\n\n<p>\u201cEl mundo tiene las posibilidades de desarrollo en otras regiones y T\u00fcrkiye es una de las regiones m\u00e1s importantes si estamos pensamos en las zonas de crecimiento econ\u00f3mico, comercial, financiero y monetario de lo que ser\u00e1 este mundo del siglo XXI\u201d, puntualiz\u00f3 en entrevista concedida a la Agencia Anadolu, con sede en Ankara.<\/p>\n\n\n\n<p>Detall\u00f3 que, actualmente, entre T\u00fcrkiye y Venezuela existe \u201cun mapa bien auspicioso de temas de cooperaci\u00f3n con resultados concretos\u201d, particularmente en ciencia, tecnolog\u00eda, agricultura, miner\u00eda, energ\u00eda, comercio y financiera. Asimismo, incluye la conexi\u00f3n a\u00e9rea Estambul \u2013 Caracas que abre las puertas al turismo binacional.<\/p>\n\n\n\n<p>\u201cEl presidente (Recep Tayyip) Erdo\u011fan le ha dado un gran impulso a la relaci\u00f3n con Venezuela, con Am\u00e9rica Latina y el Caribe (\u2026) Nunca hab\u00edamos tenido una relaci\u00f3n tan estrecha con T\u00fcrkiye, ni con esta regi\u00f3n del mundo como las tenemos hoy\u201d, recalc\u00f3.<\/p>\n\n\n\n<p>En el contexto de su visita de Estado a la Rep\u00fablica de T\u00fcrkiye, que se realiz\u00f3 del 7 al 8 de junio, el Dignatario precis\u00f3 que el intercambio comercial se situ\u00f3 en 858 millones de d\u00f3lares en 2021, mientras que las proyecciones apuntan a 1.500 millones de d\u00f3lares entre 2022 y 2023.<\/p>\n\n\n\n<p>Este mi\u00e9rcoles, T\u00fcrkiye y Venezuela concretaron la firma de tres acuerdos estrat\u00e9gicos en el \u00e1rea tur\u00edstica, agr\u00edcola y financiera.<\/p>\n\n\n\n<p><strong>Prensa Presidencial\/Karelis Gonz\u00e1lez<\/strong><\/p>\n","protected":false},"excerpt":{"rendered":"<p>Ankara, T\u00fcrkiye.- Las perspectivas econ\u00f3micas indican que Eurasia ser\u00e1 la regi\u00f3n \u201cde mayor dinamismo comercial, financiero y energ\u00e9tico del siglo XXI\u201d raz\u00f3n por la cual la ampliaci\u00f3n de la cooperaci\u00f3n estrat\u00e9gica es el prop\u00f3sito fundamental de la agenda internacional del presidente de la Rep\u00fablica, Nicol\u00e1s Maduro. En este sentido, destac\u00f3 que T\u00fcrkiye es la primera [&hellip;]<\/p>\n","protected":false},"author":6,"featured_media":2369,"comment_status":"open","ping_status":"open","sticky":false,"template":"","format":"standard","meta":{"footnotes":""},"categories":[7],"tags":[],"class_list":["post-2368","post","type-post","status-publish","format-standard","has-post-thumbnail","hentry","category-notas-de-prensa"],"_links":{"self":[{"href":"https:\/\/prensapresidencialvenezuela.gob.ve\/index.php\/wp-json\/wp\/v2\/posts\/2368","targetHints":{"allow":["GET"]}}],"collection":[{"href":"https:\/\/prensapresidencialvenezuela.gob.ve\/index.php\/wp-json\/wp\/v2\/posts"}],"about":[{"href":"https:\/\/prensapresidencialvenezuela.gob.ve\/index.php\/wp-json\/wp\/v2\/types\/post"}],"author":[{"embeddable":true,"href":"https:\/\/prensapresidencialvenezuela.gob.ve\/index.php\/wp-json\/wp\/v2\/users\/6"}],"replies":[{"embeddable":true,"href":"https:\/\/prensapresidencialvenezuela.gob.ve\/index.php\/wp-json\/wp\/v2\/comments?post=2368"}],"version-history":[{"count":1,"href":"https:\/\/prensapresidencialvenezuela.gob.ve\/index.php\/wp-json\/wp\/v2\/posts\/2368\/revisions"}],"predecessor-version":[{"id":2370,"href":"https:\/\/prensapresidencialvenezuela.gob.ve\/index.php\/wp-json\/wp\/v2\/posts\/2368\/revisions\/2370"}],"wp:featuredmedia":[{"embeddable":true,"href":"https:\/\/prensapresidencialvenezuela.gob.ve\/index.php\/wp-json\/wp\/v2\/media\/2369"}],"wp:attachment":[{"href":"https:\/\/prensapresidencialvenezuela.gob.ve\/index.php\/wp-json\/wp\/v2\/media?parent=2368"}],"wp:term":[{"taxonomy":"category","embeddable":true,"href":"https:\/\/prensapresidencialvenezuela.gob.ve\/index.php\/wp-json\/wp\/v2\/categories?post=2368"},{"taxonomy":"post_tag","embeddable":true,"href":"https:\/\/prensapresidencialvenezuela.gob.ve\/index.php\/wp-json\/wp\/v2\/tags?post=2368"}],"curies":[{"name":"wp","href":"https:\/\/api.w.org\/{rel}","templated":true}]}}