{"id":23697,"date":"2025-09-08T22:58:38","date_gmt":"2025-09-09T02:58:38","guid":{"rendered":"https:\/\/prensapresidencialvenezuela.gob.ve\/?p=23697"},"modified":"2025-09-08T22:59:07","modified_gmt":"2025-09-09T02:59:07","slug":"china-demostro-ser-una-potencia-militar-en-el-desfile-de-su-80-aniversario-de-la-victoria-contra-el-fascismo","status":"publish","type":"post","link":"https:\/\/prensapresidencialvenezuela.gob.ve\/index.php\/2025\/09\/08\/china-demostro-ser-una-potencia-militar-en-el-desfile-de-su-80-aniversario-de-la-victoria-contra-el-fascismo\/","title":{"rendered":"China demostr\u00f3 ser una potencia militar en el desfile de su 80 aniversario de la Victoria contra el fascismo"},"content":{"rendered":"\n<p><strong>Palacio de Miraflores, Caracas. \u2013 <\/strong>Durante el segmento \u00abZona Digital\u00bb, en su programa habitual <em>Con Maduro +<\/em>N.\u00ba 90, el presidente de la Rep\u00fablica Bolivariana de Venezuela, Nicol\u00e1s Maduro Moros, resalt\u00f3 como impresionante, todas las luchas que ha superado el pueblo chino, y que hoy en d\u00eda se destaca como una victoria contra el fascismo.<\/p>\n\n\n\n<p>Asimismo, celebr\u00f3 con orgullo el desfile que se realiz\u00f3 el pasado 3 de septiembre en Beijing, a prop\u00f3sito del80.\u00ba aniversario de la Victoria en la Guerra de Resistencia del Pueblo Chino contra la Agresi\u00f3n Japonesa y la Guerra Antifascista Mundial.<\/p>\n\n\n\n<p>El Presidente tambi\u00e9n ha subrayado que despu\u00e9s de tantas disputas, China pas\u00f3 de ser uno de los pa\u00edses con mayor miseria, problemas, divisi\u00f3n y muerte, a ser la principal potencia del siglo XXI en lo econ\u00f3mico, comercial, financiero, tecnol\u00f3gico, cultural y pol\u00edtico.<\/p>\n\n\n\n<h2 class=\"wp-block-heading\">Asimismo, asegur\u00f3 que con lo visto durante el desarrollo de las actividades conmemorativas para el pueblo chino y por las opiniones difundidas por expertos estadounidenses, China ha pasado a ser la primera potencia militar del mundo, por la tecnolog\u00eda que mostr\u00f3 en el desfile en sus actos memorables.<\/h2>\n\n\n\n<p>Es de inter\u00e9s mencionar que en el desfile militar estuvo presente del l\u00edder ruso Vladimir Putin, y Kim Jong-un, l\u00edder de la Rep\u00fablica Popular Democr\u00e1tica de Corea, con la finalidad de mostrar junto a China, que son naciones que abogan por la paz mundial.<\/p>\n\n\n\n<p><strong>Venezuela forja un gran frente nacional <\/strong><strong><\/strong><\/p>\n\n\n\n<p>En contexto pol\u00edtico e hist\u00f3rico, el Mandatario nacional realiz\u00f3 un an\u00e1lisis sobre la Guerra del Opio, que fue un acontecimiento de dos conflictos b\u00e9licos en el siglo XIX, entre el Imperio chino y Gran Breta\u00f1a, en el que China fue forzada a firmar tratados desiguales, abriendo puertos al comercio exterior y cediendo territorios como Hong Kong a los brit\u00e1nicos. Esto para referir, que este escenario es el que intenta aplicar el Imperio norteamericano a Venezuela.<\/p>\n\n\n\n<p>Por lo antes descrito, el Jefe de Estado se\u00f1al\u00f3 con contundencia, que Venezuela est\u00e1 forjando un gran frente nacional para defender su soberan\u00eda, historia, dignidad y su Constituci\u00f3n, por lo que afirm\u00f3 que nadie humillar\u00e1 al pueblo venezolano, jam\u00e1s.<\/p>\n\n\n\n<blockquote class=\"wp-block-quote is-layout-flow wp-block-quote-is-layout-flow\">\n<p>\u00abVeremos el esplendor de una Patria que tiene derecho al desarrollo, la felicidad y la paz que hemos ganado a pulso y que defenderemos en las circunstancias que nos toque, cuando nos toque y donde nos toque, con la uni\u00f3n popular, militar, policial, para salir de esta m\u00e1s fortalecido, como estamos saliendo\u00bb, asever\u00f3 el presidente Maduro.\u00a0\u00a0<\/p>\n<\/blockquote>\n\n\n\n<p><strong>Prensa Presidencial\/ Irmary D\u00edaz <\/strong><strong><\/strong><\/p>\n","protected":false},"excerpt":{"rendered":"<p>Palacio de Miraflores, Caracas. \u2013 Durante el segmento \u00abZona Digital\u00bb, en su programa habitual Con Maduro +N.\u00ba 90, el presidente de la Rep\u00fablica Bolivariana de Venezuela, Nicol\u00e1s Maduro Moros, resalt\u00f3 como impresionante, todas las luchas que ha superado el pueblo chino, y que hoy en d\u00eda se destaca como una victoria contra el fascismo. Asimismo, [&hellip;]<\/p>\n","protected":false},"author":15,"featured_media":23700,"comment_status":"open","ping_status":"open","sticky":false,"template":"","format":"standard","meta":{"footnotes":""},"categories":[18,7],"tags":[],"class_list":["post-23697","post","type-post","status-publish","format-standard","has-post-thumbnail","hentry","category-noticias-principales","category-notas-de-prensa"],"_links":{"self":[{"href":"https:\/\/prensapresidencialvenezuela.gob.ve\/index.php\/wp-json\/wp\/v2\/posts\/23697","targetHints":{"allow":["GET"]}}],"collection":[{"href":"https:\/\/prensapresidencialvenezuela.gob.ve\/index.php\/wp-json\/wp\/v2\/posts"}],"about":[{"href":"https:\/\/prensapresidencialvenezuela.gob.ve\/index.php\/wp-json\/wp\/v2\/types\/post"}],"author":[{"embeddable":true,"href":"https:\/\/prensapresidencialvenezuela.gob.ve\/index.php\/wp-json\/wp\/v2\/users\/15"}],"replies":[{"embeddable":true,"href":"https:\/\/prensapresidencialvenezuela.gob.ve\/index.php\/wp-json\/wp\/v2\/comments?post=23697"}],"version-history":[{"count":1,"href":"https:\/\/prensapresidencialvenezuela.gob.ve\/index.php\/wp-json\/wp\/v2\/posts\/23697\/revisions"}],"predecessor-version":[{"id":23699,"href":"https:\/\/prensapresidencialvenezuela.gob.ve\/index.php\/wp-json\/wp\/v2\/posts\/23697\/revisions\/23699"}],"wp:featuredmedia":[{"embeddable":true,"href":"https:\/\/prensapresidencialvenezuela.gob.ve\/index.php\/wp-json\/wp\/v2\/media\/23700"}],"wp:attachment":[{"href":"https:\/\/prensapresidencialvenezuela.gob.ve\/index.php\/wp-json\/wp\/v2\/media?parent=23697"}],"wp:term":[{"taxonomy":"category","embeddable":true,"href":"https:\/\/prensapresidencialvenezuela.gob.ve\/index.php\/wp-json\/wp\/v2\/categories?post=23697"},{"taxonomy":"post_tag","embeddable":true,"href":"https:\/\/prensapresidencialvenezuela.gob.ve\/index.php\/wp-json\/wp\/v2\/tags?post=23697"}],"curies":[{"name":"wp","href":"https:\/\/api.w.org\/{rel}","templated":true}]}}