{"id":23701,"date":"2025-09-08T23:05:21","date_gmt":"2025-09-09T03:05:21","guid":{"rendered":"https:\/\/prensapresidencialvenezuela.gob.ve\/?p=23701"},"modified":"2025-09-08T23:07:13","modified_gmt":"2025-09-09T03:07:13","slug":"revolucion-bolivariana-estructura-solida-para-la-garantia-de-un-territorio-inexpugnable","status":"publish","type":"post","link":"https:\/\/prensapresidencialvenezuela.gob.ve\/index.php\/2025\/09\/08\/revolucion-bolivariana-estructura-solida-para-la-garantia-de-un-territorio-inexpugnable\/","title":{"rendered":"Revoluci\u00f3n Bolivariana: Estructura s\u00f3lida para la garant\u00eda de un territorio inexpugnable"},"content":{"rendered":"\n<p><strong>Palacio de Miraflores, Caracas. \u2013 <\/strong>Este lunes, el presidente de la Rep\u00fablica Bolivariana de Venezuela, Nicol\u00e1s Maduro Moros, afirm\u00f3 con respecto al poder militar de la Naci\u00f3n, que el pa\u00eds cuenta con una Fuerza Armada Nacional Bolivariana (FANB), con liderazgo, moral, doctrina, visi\u00f3n clara y capacidad de combate para garantizar la soberan\u00eda e integridad territorial.<\/p>\n\n\n\n<div class=\"wp-block-columns is-layout-flex wp-container-core-columns-is-layout-9d6595d7 wp-block-columns-is-layout-flex\">\n<div class=\"wp-block-column is-layout-flow wp-block-column-is-layout-flow\" style=\"flex-basis:100%\">\n<h2 class=\"wp-block-heading\">En el mismo orden de ideas, el Presidente Maduro agreg\u00f3 en cuanto a la activaci\u00f3n de Unidades Comunales de la Milicia (UCM), en el pa\u00eds, que estas forman parte del primer paso frente a las amenazas emitidas por el Gobierno de Estados Unidos.<\/h2>\n<\/div>\n<\/div>\n\n\n\n<p>Por su parte, el MG Orlando Romero Bol\u00edvar, Comandante General de la Milicia Bolivariana (MB), subray\u00f3 que, en el presente, este componente tiene la oportunidad de agrupar al pueblo como un Ej\u00e9rcito Libertador, con el campesino, con el comunero, con el pescador, con el pueblo en general; esto como del cumplimiento a las directrices emanadas por el Comandante en Jefe de la Fuerza Armada Nacional Bolivariana.<\/p>\n\n\n\n<figure class=\"wp-block-gallery has-nested-images columns-default is-cropped wp-block-gallery-1 is-layout-flex wp-block-gallery-is-layout-flex\">\n<figure class=\"wp-block-image size-large\"><img fetchpriority=\"high\" decoding=\"async\" width=\"1024\" height=\"896\" data-id=\"23703\" src=\"https:\/\/prensapresidencialvenezuela.gob.ve\/wp-content\/uploads\/2025\/09\/02_ZC__3521_P-1024x896.jpg\" alt=\"\" class=\"wp-image-23703\" srcset=\"https:\/\/prensapresidencialvenezuela.gob.ve\/wp-content\/uploads\/2025\/09\/02_ZC__3521_P-1024x896.jpg 1024w, https:\/\/prensapresidencialvenezuela.gob.ve\/wp-content\/uploads\/2025\/09\/02_ZC__3521_P-300x263.jpg 300w, https:\/\/prensapresidencialvenezuela.gob.ve\/wp-content\/uploads\/2025\/09\/02_ZC__3521_P-768x672.jpg 768w, https:\/\/prensapresidencialvenezuela.gob.ve\/wp-content\/uploads\/2025\/09\/02_ZC__3521_P-1536x1344.jpg 1536w, https:\/\/prensapresidencialvenezuela.gob.ve\/wp-content\/uploads\/2025\/09\/02_ZC__3521_P-2048x1793.jpg 2048w\" sizes=\"(max-width: 1024px) 100vw, 1024px\" \/><\/figure>\n<\/figure>\n\n\n\n<blockquote class=\"wp-block-quote is-layout-flow wp-block-quote-is-layout-flow\">\n<p><\/p>\n\n\n\n<p>\u00abNosotros somos los Generales de la Revoluci\u00f3n Bolivariana, nosotros somos un pueblo, nosotros no tenemos soles, tenemos es voluntad de contribuir con un granito de arena para salir adelante y alcanzar el sue\u00f1o de Bol\u00edvar, que nos ense\u00f1\u00f3 Ch\u00e1vez y ahora usted nos gu\u00eda\u00bb, precis\u00f3 el Comandante Romero Bol\u00edvar. &nbsp;&nbsp;<\/p>\n<\/blockquote>\n\n\n\n<p>Mientras que el ministro del Poder Popular para las Comunas, Movimientos Sociales y Agricultura Urbana, \u00c1ngel Prado, enfatiz\u00f3 que la Revoluci\u00f3n Bolivariana cuenta actualmente con una estructura s\u00f3lida en los movimientos populares, que est\u00e1 respaldada por un colectivo de lucha comprometido con la defensa de la Patria, y que es firme en la protecci\u00f3n de los derechos del pueblo venezolano.<\/p>\n\n\n\n<figure class=\"wp-block-image size-large\"><img decoding=\"async\" width=\"1024\" height=\"1019\" src=\"https:\/\/prensapresidencialvenezuela.gob.ve\/wp-content\/uploads\/2025\/09\/05_ZC__3538_P-1-1024x1019.jpg\" alt=\"\" class=\"wp-image-23704\" srcset=\"https:\/\/prensapresidencialvenezuela.gob.ve\/wp-content\/uploads\/2025\/09\/05_ZC__3538_P-1-1024x1019.jpg 1024w, https:\/\/prensapresidencialvenezuela.gob.ve\/wp-content\/uploads\/2025\/09\/05_ZC__3538_P-1-300x300.jpg 300w, https:\/\/prensapresidencialvenezuela.gob.ve\/wp-content\/uploads\/2025\/09\/05_ZC__3538_P-1-150x150.jpg 150w, https:\/\/prensapresidencialvenezuela.gob.ve\/wp-content\/uploads\/2025\/09\/05_ZC__3538_P-1-768x764.jpg 768w, https:\/\/prensapresidencialvenezuela.gob.ve\/wp-content\/uploads\/2025\/09\/05_ZC__3538_P-1-1536x1528.jpg 1536w, https:\/\/prensapresidencialvenezuela.gob.ve\/wp-content\/uploads\/2025\/09\/05_ZC__3538_P-1.jpg 2010w\" sizes=\"(max-width: 1024px) 100vw, 1024px\" \/><\/figure>\n\n\n\n<p>Para finalizar, el Jefe de Estado ha reiterado que Venezuela tiene que estar en paz, ya que el pueblo est\u00e1 listo para defender la Patria de amenazas y agresiones internas o externas.<\/p>\n\n\n\n<p><strong>Prensa Presidencial\/ Irmary D\u00edaz <\/strong><strong><\/strong><\/p>\n","protected":false},"excerpt":{"rendered":"<p>Palacio de Miraflores, Caracas. \u2013 Este lunes, el presidente de la Rep\u00fablica Bolivariana de Venezuela, Nicol\u00e1s Maduro Moros, afirm\u00f3 con respecto al poder militar de la Naci\u00f3n, que el pa\u00eds cuenta con una Fuerza Armada Nacional Bolivariana (FANB), con liderazgo, moral, doctrina, visi\u00f3n clara y capacidad de combate para garantizar la soberan\u00eda e integridad territorial. [&hellip;]<\/p>\n","protected":false},"author":15,"featured_media":23702,"comment_status":"open","ping_status":"open","sticky":false,"template":"","format":"standard","meta":{"footnotes":""},"categories":[18,7],"tags":[],"class_list":["post-23701","post","type-post","status-publish","format-standard","has-post-thumbnail","hentry","category-noticias-principales","category-notas-de-prensa"],"_links":{"self":[{"href":"https:\/\/prensapresidencialvenezuela.gob.ve\/index.php\/wp-json\/wp\/v2\/posts\/23701","targetHints":{"allow":["GET"]}}],"collection":[{"href":"https:\/\/prensapresidencialvenezuela.gob.ve\/index.php\/wp-json\/wp\/v2\/posts"}],"about":[{"href":"https:\/\/prensapresidencialvenezuela.gob.ve\/index.php\/wp-json\/wp\/v2\/types\/post"}],"author":[{"embeddable":true,"href":"https:\/\/prensapresidencialvenezuela.gob.ve\/index.php\/wp-json\/wp\/v2\/users\/15"}],"replies":[{"embeddable":true,"href":"https:\/\/prensapresidencialvenezuela.gob.ve\/index.php\/wp-json\/wp\/v2\/comments?post=23701"}],"version-history":[{"count":3,"href":"https:\/\/prensapresidencialvenezuela.gob.ve\/index.php\/wp-json\/wp\/v2\/posts\/23701\/revisions"}],"predecessor-version":[{"id":23707,"href":"https:\/\/prensapresidencialvenezuela.gob.ve\/index.php\/wp-json\/wp\/v2\/posts\/23701\/revisions\/23707"}],"wp:featuredmedia":[{"embeddable":true,"href":"https:\/\/prensapresidencialvenezuela.gob.ve\/index.php\/wp-json\/wp\/v2\/media\/23702"}],"wp:attachment":[{"href":"https:\/\/prensapresidencialvenezuela.gob.ve\/index.php\/wp-json\/wp\/v2\/media?parent=23701"}],"wp:term":[{"taxonomy":"category","embeddable":true,"href":"https:\/\/prensapresidencialvenezuela.gob.ve\/index.php\/wp-json\/wp\/v2\/categories?post=23701"},{"taxonomy":"post_tag","embeddable":true,"href":"https:\/\/prensapresidencialvenezuela.gob.ve\/index.php\/wp-json\/wp\/v2\/tags?post=23701"}],"curies":[{"name":"wp","href":"https:\/\/api.w.org\/{rel}","templated":true}]}}