{"id":23743,"date":"2025-09-10T17:37:49","date_gmt":"2025-09-10T21:37:49","guid":{"rendered":"https:\/\/prensapresidencialvenezuela.gob.ve\/?p=23743"},"modified":"2025-09-10T18:49:45","modified_gmt":"2025-09-10T22:49:45","slug":"presidente-maduro-fortalece-el-abastecimiento-soberano-con-jornada-productiva-en-miranda","status":"publish","type":"post","link":"https:\/\/prensapresidencialvenezuela.gob.ve\/index.php\/2025\/09\/10\/presidente-maduro-fortalece-el-abastecimiento-soberano-con-jornada-productiva-en-miranda\/","title":{"rendered":"Presidente Maduro fortalece el abastecimiento soberano con jornada productiva en Miranda"},"content":{"rendered":"\n<p><strong>Carrizal, estado Miranda<\/strong> &#8211; Con el objetivo de fortalecer el <strong>abastecimiento soberano<\/strong> del pa\u00eds, el presidente de la Rep\u00fablica Bolivariana de Venezuela, <strong>Nicol\u00e1s Maduro<\/strong>, lidera este mi\u00e9rcoles una jornada de trabajo productivo desde la empresa av\u00edcola <strong>Industrias Pollo Premium 5.8, C.A.,<\/strong> ubicada en la Zona Industrial de Los Cerritos, municipio Carrizal del estado Miranda.<\/p>\n\n\n\n<p>Durante la actividad, el Mandatario nacional recorre la l\u00ednea de producci\u00f3n de la planta, que cuenta con seis etapas: recepci\u00f3n de pollos, sacrificio, evisceraci\u00f3n (limpieza interna), empaquetado, almacenamiento en cavas y despacho.<\/p>\n\n\n\n<figure class=\"wp-block-image size-large\"><img fetchpriority=\"high\" decoding=\"async\" width=\"1024\" height=\"683\" src=\"https:\/\/prensapresidencialvenezuela.gob.ve\/wp-content\/uploads\/2025\/09\/21_ZC__3998_P-1024x683.jpg\" alt=\"\" class=\"wp-image-23745\" srcset=\"https:\/\/prensapresidencialvenezuela.gob.ve\/wp-content\/uploads\/2025\/09\/21_ZC__3998_P-1024x683.jpg 1024w, https:\/\/prensapresidencialvenezuela.gob.ve\/wp-content\/uploads\/2025\/09\/21_ZC__3998_P-300x200.jpg 300w, https:\/\/prensapresidencialvenezuela.gob.ve\/wp-content\/uploads\/2025\/09\/21_ZC__3998_P-768x512.jpg 768w, https:\/\/prensapresidencialvenezuela.gob.ve\/wp-content\/uploads\/2025\/09\/21_ZC__3998_P-1536x1024.jpg 1536w, https:\/\/prensapresidencialvenezuela.gob.ve\/wp-content\/uploads\/2025\/09\/21_ZC__3998_P-2048x1366.jpg 2048w\" sizes=\"(max-width: 1024px) 100vw, 1024px\" \/><\/figure>\n\n\n\n<p>Con m\u00e1s de 30 a\u00f1os de trayectoria, Industrias Pollo Premium 5.8, C.A., es una empresa av\u00edcola reconocida por su proceso integrado, que abarca desde la compra de gen\u00e9tica hasta la distribuci\u00f3n y comercializaci\u00f3n final. Con una planta de 8.984,76 m\u00b2, la compa\u00f1\u00eda tiene una capacidad instalada para procesar 94.500 aves al d\u00eda y una producci\u00f3n diaria de 75.000 a 80.000 pollos en ocho horas de trabajo, lo que genera 1.400 empleos directos.<\/p>\n\n\n\n<p>La empresa se dedica al beneficio, distribuci\u00f3n y comercializaci\u00f3n de pollo de alta calidad, con un peso promedio de 2 a 3 kg. Sus productos son distribuidos principalmente en el centro del pa\u00eds bajo las marcas <strong>S\u00faper S\u00faper Pollo<\/strong> y <strong>Pollo San Jos\u00e9<\/strong>, a una amplia red de automercados, frigor\u00edficos y restaurantes, en particular en la Gran Caracas, lo que garantiza un suministro eficaz y confiable.<\/p>\n\n\n\n<p>La visita del Presidente Maduro destaca el compromiso del Gobierno Bolivariano con el fortalecimiento de la producci\u00f3n nacional y el acceso a alimentos de calidad para las familias venezolanas, consolidando la soberan\u00eda alimentaria del pa\u00eds.<\/p>\n\n\n\n<p>El Jefe de Estado est\u00e1 acompa\u00f1ado por el ministro del Poder Popular para la Alimentaci\u00f3n, M\/G <strong>Carlos Leal Teller\u00eda<\/strong>; el ministro del Poder Popular de Pesca y Acuicultura, <strong>Juan Carlos Loyo<\/strong>; y el ministro del Poder Popular de Agricultura Productiva y Tierras, Capit\u00e1n <strong>Julio Le\u00f3n Heredia<\/strong>.<\/p>\n\n\n\n<p><strong>Prensa Presidencial\/ Iliana Rosales<\/strong><\/p>\n","protected":false},"excerpt":{"rendered":"<p>Carrizal, estado Miranda &#8211; Con el objetivo de fortalecer el abastecimiento soberano del pa\u00eds, el presidente de la Rep\u00fablica Bolivariana de Venezuela, Nicol\u00e1s Maduro, lidera este mi\u00e9rcoles una jornada de trabajo productivo desde la empresa av\u00edcola Industrias Pollo Premium 5.8, C.A., ubicada en la Zona Industrial de Los Cerritos, municipio Carrizal del estado Miranda. Durante [&hellip;]<\/p>\n","protected":false},"author":1,"featured_media":23766,"comment_status":"open","ping_status":"open","sticky":false,"template":"","format":"standard","meta":{"footnotes":""},"categories":[18,7],"tags":[],"class_list":["post-23743","post","type-post","status-publish","format-standard","has-post-thumbnail","hentry","category-noticias-principales","category-notas-de-prensa"],"_links":{"self":[{"href":"https:\/\/prensapresidencialvenezuela.gob.ve\/index.php\/wp-json\/wp\/v2\/posts\/23743","targetHints":{"allow":["GET"]}}],"collection":[{"href":"https:\/\/prensapresidencialvenezuela.gob.ve\/index.php\/wp-json\/wp\/v2\/posts"}],"about":[{"href":"https:\/\/prensapresidencialvenezuela.gob.ve\/index.php\/wp-json\/wp\/v2\/types\/post"}],"author":[{"embeddable":true,"href":"https:\/\/prensapresidencialvenezuela.gob.ve\/index.php\/wp-json\/wp\/v2\/users\/1"}],"replies":[{"embeddable":true,"href":"https:\/\/prensapresidencialvenezuela.gob.ve\/index.php\/wp-json\/wp\/v2\/comments?post=23743"}],"version-history":[{"count":2,"href":"https:\/\/prensapresidencialvenezuela.gob.ve\/index.php\/wp-json\/wp\/v2\/posts\/23743\/revisions"}],"predecessor-version":[{"id":23751,"href":"https:\/\/prensapresidencialvenezuela.gob.ve\/index.php\/wp-json\/wp\/v2\/posts\/23743\/revisions\/23751"}],"wp:featuredmedia":[{"embeddable":true,"href":"https:\/\/prensapresidencialvenezuela.gob.ve\/index.php\/wp-json\/wp\/v2\/media\/23766"}],"wp:attachment":[{"href":"https:\/\/prensapresidencialvenezuela.gob.ve\/index.php\/wp-json\/wp\/v2\/media?parent=23743"}],"wp:term":[{"taxonomy":"category","embeddable":true,"href":"https:\/\/prensapresidencialvenezuela.gob.ve\/index.php\/wp-json\/wp\/v2\/categories?post=23743"},{"taxonomy":"post_tag","embeddable":true,"href":"https:\/\/prensapresidencialvenezuela.gob.ve\/index.php\/wp-json\/wp\/v2\/tags?post=23743"}],"curies":[{"name":"wp","href":"https:\/\/api.w.org\/{rel}","templated":true}]}}