{"id":23747,"date":"2025-09-10T17:48:39","date_gmt":"2025-09-10T21:48:39","guid":{"rendered":"https:\/\/prensapresidencialvenezuela.gob.ve\/?p=23747"},"modified":"2025-09-10T18:19:25","modified_gmt":"2025-09-10T22:19:25","slug":"produccion-avicola-del-estado-miranda-sobrepasa-los-90-mil-pollos-por-dia","status":"publish","type":"post","link":"https:\/\/prensapresidencialvenezuela.gob.ve\/index.php\/2025\/09\/10\/produccion-avicola-del-estado-miranda-sobrepasa-los-90-mil-pollos-por-dia\/","title":{"rendered":"Producci\u00f3n av\u00edcola del estado Miranda sobrepasa los 90 mil pollos por d\u00eda"},"content":{"rendered":"\n<p><strong>Carrizal, Miranda.- <\/strong>Con calidad de exportaci\u00f3n, la producci\u00f3n av\u00edcola de Venezuela ha alcanzado cifras importantes que demuestran que, ante las dificultades econ\u00f3micas, el mercado nacional est\u00e1 siendo 100% abastecido, adem\u00e1s de estar listo para exportar a otros pa\u00edses.<\/p>\n\n\n\n<p>El presidente de la Rep\u00fablica Bolivariana de Venezuela, Nicol\u00e1s Maduro Moros, desde una Jornada de Trabajo Productivo, Seguridad y Soberan\u00eda Alimentaria Nacional, realizada en el municipio Carrizal del estado Miranda, junto a los avicultores dio a conocer que el sector ha tenido un crecimiento entre 8-10% que corresponde al mismo porcentaje del crecimiento del Producto Interno Bruto (PIB).<\/p>\n\n\n\n<p>\u00abAntes Venezuela era importadora neta del 85% de los alimentos, hoy hemos vencido la guerra econ\u00f3mica y tenemos otra situaci\u00f3n, nos reinventamos, nos reinventamos para bien, para mejor y ahora Venezuela produce el 90% de todo el alimento, pleno abastecimiento nacional\u00bb, precis\u00f3 el Jefe de Estado en compa\u00f1\u00eda de las autoridades del sector alimentario, el gobernador del estado Miranda, Elio Serrano, y la alcaldesa del municipio Carrizal, Jennifer Mujica.<\/p>\n\n\n\n<p>Bajo el lema de \u00abMi\u00e9rcoles de Econom\u00eda Productiva\u00bb, el Mandatario Nacional reiter\u00f3 que la guerra econ\u00f3mica fue derrotada y ahora Venezuela tiene un nuevo modelo productivo junto a los empresarios y la clase obrera productiva.<\/p>\n\n\n\n<p><strong>Prensa Presidencial\/ Claudia Guerra M\u00e9ndez<\/strong><\/p>\n","protected":false},"excerpt":{"rendered":"<p>Carrizal, Miranda.- Con calidad de exportaci\u00f3n, la producci\u00f3n av\u00edcola de Venezuela ha alcanzado cifras importantes que demuestran que, ante las dificultades econ\u00f3micas, el mercado nacional est\u00e1 siendo 100% abastecido, adem\u00e1s de estar listo para exportar a otros pa\u00edses. El presidente de la Rep\u00fablica Bolivariana de Venezuela, Nicol\u00e1s Maduro Moros, desde una Jornada de Trabajo Productivo, [&hellip;]<\/p>\n","protected":false},"author":14,"featured_media":23748,"comment_status":"open","ping_status":"open","sticky":false,"template":"","format":"standard","meta":{"footnotes":""},"categories":[18,7,1],"tags":[],"class_list":["post-23747","post","type-post","status-publish","format-standard","has-post-thumbnail","hentry","category-noticias-principales","category-notas-de-prensa","category-sin-categoria"],"_links":{"self":[{"href":"https:\/\/prensapresidencialvenezuela.gob.ve\/index.php\/wp-json\/wp\/v2\/posts\/23747","targetHints":{"allow":["GET"]}}],"collection":[{"href":"https:\/\/prensapresidencialvenezuela.gob.ve\/index.php\/wp-json\/wp\/v2\/posts"}],"about":[{"href":"https:\/\/prensapresidencialvenezuela.gob.ve\/index.php\/wp-json\/wp\/v2\/types\/post"}],"author":[{"embeddable":true,"href":"https:\/\/prensapresidencialvenezuela.gob.ve\/index.php\/wp-json\/wp\/v2\/users\/14"}],"replies":[{"embeddable":true,"href":"https:\/\/prensapresidencialvenezuela.gob.ve\/index.php\/wp-json\/wp\/v2\/comments?post=23747"}],"version-history":[{"count":1,"href":"https:\/\/prensapresidencialvenezuela.gob.ve\/index.php\/wp-json\/wp\/v2\/posts\/23747\/revisions"}],"predecessor-version":[{"id":23749,"href":"https:\/\/prensapresidencialvenezuela.gob.ve\/index.php\/wp-json\/wp\/v2\/posts\/23747\/revisions\/23749"}],"wp:featuredmedia":[{"embeddable":true,"href":"https:\/\/prensapresidencialvenezuela.gob.ve\/index.php\/wp-json\/wp\/v2\/media\/23748"}],"wp:attachment":[{"href":"https:\/\/prensapresidencialvenezuela.gob.ve\/index.php\/wp-json\/wp\/v2\/media?parent=23747"}],"wp:term":[{"taxonomy":"category","embeddable":true,"href":"https:\/\/prensapresidencialvenezuela.gob.ve\/index.php\/wp-json\/wp\/v2\/categories?post=23747"},{"taxonomy":"post_tag","embeddable":true,"href":"https:\/\/prensapresidencialvenezuela.gob.ve\/index.php\/wp-json\/wp\/v2\/tags?post=23747"}],"curies":[{"name":"wp","href":"https:\/\/api.w.org\/{rel}","templated":true}]}}