{"id":23752,"date":"2025-09-10T18:39:36","date_gmt":"2025-09-10T22:39:36","guid":{"rendered":"https:\/\/prensapresidencialvenezuela.gob.ve\/?p=23752"},"modified":"2025-09-10T18:39:37","modified_gmt":"2025-09-10T22:39:37","slug":"venezuela-se-convertira-en-el-granero-del-mundo","status":"publish","type":"post","link":"https:\/\/prensapresidencialvenezuela.gob.ve\/index.php\/2025\/09\/10\/venezuela-se-convertira-en-el-granero-del-mundo\/","title":{"rendered":"Venezuela se convertir\u00e1 en el granero del mundo"},"content":{"rendered":"\n<p><strong>Carrizal, Miranda.- <\/strong>Desde la planta de Arroz Mary, el gobernador del estado Portuguesa, a trav\u00e9s de un pase satelital, durante el <strong>\u00abMi\u00e9rcoles de Econom\u00eda Productiva\u00bb<\/strong> del Presidente Nicol\u00e1s Maduro, dio a conocer desde la entidad centro-llanera que actualmente 140 mil hect\u00e1reas de arroz est\u00e1n en producci\u00f3n.<\/p>\n\n\n\n<p>La empresa de Arroz Mary, con 64 a\u00f1os de existencia en Venezuela, procesa los rubros de ma\u00edz, arroz y leguminosas. Hoy cuenta con siete presentaciones de arroz y tiene una capacidad de almacenamiento de 40 mil toneladas de este producto tipo paddy; adem\u00e1s de contar con un procesamiento de 15 mil toneladas al mes de este importante alimento, que forma parte de la dieta b\u00e1sica de los venezolanos y venezolanas.<\/p>\n\n\n\n<figure class=\"wp-block-image size-large\"><img fetchpriority=\"high\" decoding=\"async\" width=\"1024\" height=\"577\" src=\"https:\/\/prensapresidencialvenezuela.gob.ve\/wp-content\/uploads\/2025\/09\/photo_5048845438291128046_y-1024x577.jpg\" alt=\"\" class=\"wp-image-23756\" srcset=\"https:\/\/prensapresidencialvenezuela.gob.ve\/wp-content\/uploads\/2025\/09\/photo_5048845438291128046_y-1024x577.jpg 1024w, https:\/\/prensapresidencialvenezuela.gob.ve\/wp-content\/uploads\/2025\/09\/photo_5048845438291128046_y-300x169.jpg 300w, https:\/\/prensapresidencialvenezuela.gob.ve\/wp-content\/uploads\/2025\/09\/photo_5048845438291128046_y-768x433.jpg 768w, https:\/\/prensapresidencialvenezuela.gob.ve\/wp-content\/uploads\/2025\/09\/photo_5048845438291128046_y.jpg 1280w\" sizes=\"(max-width: 1024px) 100vw, 1024px\" \/><\/figure>\n\n\n\n<p>Para el gobernador Primitivo Cede\u00f1o, Arroz Mary es una de las empresas que se qued\u00f3 en Venezuela, invirtiendo para producir m\u00e1s alimentos para el pueblo venezolano. En este sentido, desde las granjas de S\u00faper Pollo, ubicada en el estado Miranda, el jefe de Estado refiri\u00f3 que hay \u00abarroz sano, puro; el pollo con el arroz que llega a su casa, producido en Venezuela: Se acab\u00f3 la importadera, ahora producimos para riqueza del pa\u00eds\u00bb, dijo con firmeza.<\/p>\n\n\n\n<p>Prosigui\u00f3 indicando que el estado Portuguesa es el granero de Am\u00e9rica. \u00abEl granero del mundo seremos. Pronto, vamos en ese camino. El primer objetivo contra la guerra econ\u00f3mica lo logramos, producci\u00f3n nacional, abastecimiento cien por ciento\u00bb, precis\u00f3 el Mandatario nacional.<\/p>\n\n\n\n<figure class=\"wp-block-gallery has-nested-images columns-default is-cropped wp-block-gallery-1 is-layout-flex wp-block-gallery-is-layout-flex\">\n<figure class=\"wp-block-image size-large\"><img decoding=\"async\" width=\"1024\" height=\"576\" data-id=\"23758\" src=\"https:\/\/prensapresidencialvenezuela.gob.ve\/wp-content\/uploads\/2025\/09\/photo_5048845438291128057_y-1-1024x576.jpg\" alt=\"\" class=\"wp-image-23758\" srcset=\"https:\/\/prensapresidencialvenezuela.gob.ve\/wp-content\/uploads\/2025\/09\/photo_5048845438291128057_y-1-1024x576.jpg 1024w, https:\/\/prensapresidencialvenezuela.gob.ve\/wp-content\/uploads\/2025\/09\/photo_5048845438291128057_y-1-300x169.jpg 300w, https:\/\/prensapresidencialvenezuela.gob.ve\/wp-content\/uploads\/2025\/09\/photo_5048845438291128057_y-1-768x432.jpg 768w, https:\/\/prensapresidencialvenezuela.gob.ve\/wp-content\/uploads\/2025\/09\/photo_5048845438291128057_y-1.jpg 1280w\" sizes=\"(max-width: 1024px) 100vw, 1024px\" \/><\/figure>\n\n\n\n<figure class=\"wp-block-image size-large\"><img decoding=\"async\" width=\"1024\" height=\"576\" data-id=\"23757\" src=\"https:\/\/prensapresidencialvenezuela.gob.ve\/wp-content\/uploads\/2025\/09\/photo_5048845438291128051_y-1-1024x576.jpg\" alt=\"\" class=\"wp-image-23757\" srcset=\"https:\/\/prensapresidencialvenezuela.gob.ve\/wp-content\/uploads\/2025\/09\/photo_5048845438291128051_y-1-1024x576.jpg 1024w, https:\/\/prensapresidencialvenezuela.gob.ve\/wp-content\/uploads\/2025\/09\/photo_5048845438291128051_y-1-300x169.jpg 300w, https:\/\/prensapresidencialvenezuela.gob.ve\/wp-content\/uploads\/2025\/09\/photo_5048845438291128051_y-1-768x432.jpg 768w, https:\/\/prensapresidencialvenezuela.gob.ve\/wp-content\/uploads\/2025\/09\/photo_5048845438291128051_y-1.jpg 1280w\" sizes=\"(max-width: 1024px) 100vw, 1024px\" \/><\/figure>\n<\/figure>\n\n\n\n<p><strong>Portuguesa l\u00edder en fertilizantes<\/strong><\/p>\n\n\n\n<p>Todo lo necesario para la siembra en el pa\u00eds se produce en el estado Portuguesa y el a\u00f1o 2025 ha sido una de las mejores \u00e9pocas para la producci\u00f3n de fertilizantes, pese a las fuertes lluvias que se han registrado en el pa\u00eds.<\/p>\n\n\n\n<p>Los productores llaneros tienen semillas, bioinsumos y fertilizantes 100% garantizados. Este a\u00f1o se produjo la cantidad de 300 mil toneladas de Urea y ahora est\u00e1n preparados para la exportaci\u00f3n de estos productos.<\/p>\n\n\n\n<figure class=\"wp-block-gallery has-nested-images columns-default is-cropped wp-block-gallery-2 is-layout-flex wp-block-gallery-is-layout-flex\">\n<figure class=\"wp-block-image size-large\"><img loading=\"lazy\" decoding=\"async\" width=\"1024\" height=\"577\" data-id=\"23760\" src=\"https:\/\/prensapresidencialvenezuela.gob.ve\/wp-content\/uploads\/2025\/09\/photo_5048543716838584949_y-1024x577.jpg\" alt=\"\" class=\"wp-image-23760\" srcset=\"https:\/\/prensapresidencialvenezuela.gob.ve\/wp-content\/uploads\/2025\/09\/photo_5048543716838584949_y-1024x577.jpg 1024w, https:\/\/prensapresidencialvenezuela.gob.ve\/wp-content\/uploads\/2025\/09\/photo_5048543716838584949_y-300x169.jpg 300w, https:\/\/prensapresidencialvenezuela.gob.ve\/wp-content\/uploads\/2025\/09\/photo_5048543716838584949_y-768x433.jpg 768w, https:\/\/prensapresidencialvenezuela.gob.ve\/wp-content\/uploads\/2025\/09\/photo_5048543716838584949_y.jpg 1280w\" sizes=\"(max-width: 1024px) 100vw, 1024px\" \/><\/figure>\n\n\n\n<figure class=\"wp-block-image size-large\"><img loading=\"lazy\" decoding=\"async\" width=\"1024\" height=\"577\" data-id=\"23759\" src=\"https:\/\/prensapresidencialvenezuela.gob.ve\/wp-content\/uploads\/2025\/09\/photo_5048543716838584946_y-1024x577.jpg\" alt=\"\" class=\"wp-image-23759\" srcset=\"https:\/\/prensapresidencialvenezuela.gob.ve\/wp-content\/uploads\/2025\/09\/photo_5048543716838584946_y-1024x577.jpg 1024w, https:\/\/prensapresidencialvenezuela.gob.ve\/wp-content\/uploads\/2025\/09\/photo_5048543716838584946_y-300x169.jpg 300w, https:\/\/prensapresidencialvenezuela.gob.ve\/wp-content\/uploads\/2025\/09\/photo_5048543716838584946_y-768x433.jpg 768w, https:\/\/prensapresidencialvenezuela.gob.ve\/wp-content\/uploads\/2025\/09\/photo_5048543716838584946_y.jpg 1280w\" sizes=\"(max-width: 1024px) 100vw, 1024px\" \/><\/figure>\n<\/figure>\n\n\n\n<p>Es as\u00ed como Venezuela hoy cuenta con la reserva alimentaria m\u00e1s grande de su historia. \u00abTenemos reserva de alimentos para 101 d\u00edas; primera vez, ni cuando ingresaban 57 mil millones de d\u00f3lares por a\u00f1o, llegamos a 60 d\u00edas, 80 m\u00e1ximo. 101 d\u00edas de reserva alimentaria venezolana, garantizada para el pueblo\u00bb, explic\u00f3 el presidente Nicol\u00e1s Maduro durante la transmisi\u00f3n de su programa. Culmin\u00f3 este pase anunciando que todo el excedente productivo est\u00e1 listo para la exportaci\u00f3n.<\/p>\n\n\n\n<p><strong>Prensa Presidencial\/ Claudia Guerra M\u00e9ndez<\/strong><\/p>\n","protected":false},"excerpt":{"rendered":"<p>Carrizal, Miranda.- Desde la planta de Arroz Mary, el gobernador del estado Portuguesa, a trav\u00e9s de un pase satelital, durante el \u00abMi\u00e9rcoles de Econom\u00eda Productiva\u00bb del Presidente Nicol\u00e1s Maduro, dio a conocer desde la entidad centro-llanera que actualmente 140 mil hect\u00e1reas de arroz est\u00e1n en producci\u00f3n. La empresa de Arroz Mary, con 64 a\u00f1os de [&hellip;]<\/p>\n","protected":false},"author":14,"featured_media":23753,"comment_status":"open","ping_status":"open","sticky":false,"template":"","format":"standard","meta":{"footnotes":""},"categories":[18,7],"tags":[],"class_list":["post-23752","post","type-post","status-publish","format-standard","has-post-thumbnail","hentry","category-noticias-principales","category-notas-de-prensa"],"_links":{"self":[{"href":"https:\/\/prensapresidencialvenezuela.gob.ve\/index.php\/wp-json\/wp\/v2\/posts\/23752","targetHints":{"allow":["GET"]}}],"collection":[{"href":"https:\/\/prensapresidencialvenezuela.gob.ve\/index.php\/wp-json\/wp\/v2\/posts"}],"about":[{"href":"https:\/\/prensapresidencialvenezuela.gob.ve\/index.php\/wp-json\/wp\/v2\/types\/post"}],"author":[{"embeddable":true,"href":"https:\/\/prensapresidencialvenezuela.gob.ve\/index.php\/wp-json\/wp\/v2\/users\/14"}],"replies":[{"embeddable":true,"href":"https:\/\/prensapresidencialvenezuela.gob.ve\/index.php\/wp-json\/wp\/v2\/comments?post=23752"}],"version-history":[{"count":1,"href":"https:\/\/prensapresidencialvenezuela.gob.ve\/index.php\/wp-json\/wp\/v2\/posts\/23752\/revisions"}],"predecessor-version":[{"id":23761,"href":"https:\/\/prensapresidencialvenezuela.gob.ve\/index.php\/wp-json\/wp\/v2\/posts\/23752\/revisions\/23761"}],"wp:featuredmedia":[{"embeddable":true,"href":"https:\/\/prensapresidencialvenezuela.gob.ve\/index.php\/wp-json\/wp\/v2\/media\/23753"}],"wp:attachment":[{"href":"https:\/\/prensapresidencialvenezuela.gob.ve\/index.php\/wp-json\/wp\/v2\/media?parent=23752"}],"wp:term":[{"taxonomy":"category","embeddable":true,"href":"https:\/\/prensapresidencialvenezuela.gob.ve\/index.php\/wp-json\/wp\/v2\/categories?post=23752"},{"taxonomy":"post_tag","embeddable":true,"href":"https:\/\/prensapresidencialvenezuela.gob.ve\/index.php\/wp-json\/wp\/v2\/tags?post=23752"}],"curies":[{"name":"wp","href":"https:\/\/api.w.org\/{rel}","templated":true}]}}