{"id":23762,"date":"2025-09-10T18:49:07","date_gmt":"2025-09-10T22:49:07","guid":{"rendered":"https:\/\/prensapresidencialvenezuela.gob.ve\/?p=23762"},"modified":"2025-09-10T18:49:08","modified_gmt":"2025-09-10T22:49:08","slug":"reactivan-red-popular-de-distribucion-de-alimentos-en-maracay","status":"publish","type":"post","link":"https:\/\/prensapresidencialvenezuela.gob.ve\/index.php\/2025\/09\/10\/reactivan-red-popular-de-distribucion-de-alimentos-en-maracay\/","title":{"rendered":"Reactivan Red Popular de Distribuci\u00f3n de Alimentos en Maracay"},"content":{"rendered":"\n<p><strong>Maracay, estado Aragua. &#8211;<\/strong> &nbsp;La gobernadora del estado Aragua, Joana S\u00e1nchez, y el ministro de Comunas, Movimientos Sociales y Agricultura Urbana, \u00c1ngel Prado, a trav\u00e9s de un pase satelital con el presidente de la Rep\u00fablica Bolivariana de Venezuela, Nicol\u00e1s Maduro, reactivaron este mi\u00e9rcoles una red de distribuci\u00f3n y comercializaci\u00f3n de alimentos en la parroquia Joaqu\u00edn Crespo del municipio Girardot, dentro de la Comuna Robinsoniana.<\/p>\n\n\n\n<p>La regente regional explic\u00f3 que esta reapertura es resultado del trabajo conjunto entre el Ministerio de Alimentaci\u00f3n, la Gobernaci\u00f3n, la Alcald\u00eda y el Poder Popular. La iniciativa, que busca fortalecer la econom\u00eda local y la soberan\u00eda alimentaria, detall\u00f3 que forma parte de un plan estrat\u00e9gico enmarcado en el Primera Transformaci\u00f3n del Plan de la Patria de las 7 Transformaciones.<\/p>\n\n\n\n<p>\u00abLa producci\u00f3n nacional est\u00e1 pujando cada vez m\u00e1s. Aqu\u00ed tenemos los alimentos que produce el Ministerio de Alimentaci\u00f3n de nuestro pa\u00eds\u00bb, se\u00f1al\u00f3 la gobernadora, quien adem\u00e1s mencion\u00f3 que est\u00e1 trabajando en la reorganizaci\u00f3n de las regiones productivas de Aragua para aportar al Producto Interno Bruto. En este sentido, mencion\u00f3 que el sur de la entidad posee un gran potencial para la producci\u00f3n agr\u00edcola. La meta es tener 18 espacios tipo Mercado productivos en la regi\u00f3n antes de que finalice el a\u00f1o, de los cuales 16 ya se encuentran activos. No obstante, se est\u00e1 evaluando la posibilidad de crear espacios m\u00e1s peque\u00f1os para facilitar el acceso a los alimentos en los barrios. Por su parte, el ministro Prado expres\u00f3 su felicidad por la recuperaci\u00f3n total del Mercado, que fue rehabilitado al 100%.<\/p>\n\n\n\n<figure class=\"wp-block-image size-large\"><img fetchpriority=\"high\" decoding=\"async\" width=\"1024\" height=\"768\" src=\"https:\/\/prensapresidencialvenezuela.gob.ve\/wp-content\/uploads\/2025\/09\/photo_5048792627373259657_w-1024x768.jpg\" alt=\"\" class=\"wp-image-23764\" srcset=\"https:\/\/prensapresidencialvenezuela.gob.ve\/wp-content\/uploads\/2025\/09\/photo_5048792627373259657_w-1024x768.jpg 1024w, https:\/\/prensapresidencialvenezuela.gob.ve\/wp-content\/uploads\/2025\/09\/photo_5048792627373259657_w-300x225.jpg 300w, https:\/\/prensapresidencialvenezuela.gob.ve\/wp-content\/uploads\/2025\/09\/photo_5048792627373259657_w-768x576.jpg 768w, https:\/\/prensapresidencialvenezuela.gob.ve\/wp-content\/uploads\/2025\/09\/photo_5048792627373259657_w-1536x1152.jpg 1536w, https:\/\/prensapresidencialvenezuela.gob.ve\/wp-content\/uploads\/2025\/09\/photo_5048792627373259657_w-2048x1536.jpg 2048w\" sizes=\"(max-width: 1024px) 100vw, 1024px\" \/><\/figure>\n\n\n\n<p>\u00abEste Mercado nos hace recordar al Comandante Ch\u00e1vez&#8230; con muchos alimentos, con producci\u00f3n nacional, nada importado ha quedado totalmente nuevo\u00bb, detall\u00f3. El ministro refiri\u00f3 que el mercado beneficiar\u00e1 a m\u00e1s de 7.000 familias de la Comuna Robinsoniana, que agrupa a 14 consejos comunales y enfatiz\u00f3 que los productos ofrecidos son sanos, de origen nacional, e incluyen v\u00edveres, hortalizas, verduras, charcuter\u00eda, queso, caf\u00e9 y prote\u00ednas. Igualmente, adelant\u00f3 que la gobernadora S\u00e1nchez ha propuesto desarrollar proyectos en el sur de Aragua, una zona de tierra f\u00e9rtil con potencial agropecuario, a los fines de a establecer convenios con las comunas locales para atraer inversiones y generar un sistema productivo y comunal.<\/p>\n\n\n\n<p><strong>&nbsp;Prensa Presidencial\/ Iliana Rosales<\/strong><strong><\/strong><\/p>\n","protected":false},"excerpt":{"rendered":"<p>Maracay, estado Aragua. &#8211; &nbsp;La gobernadora del estado Aragua, Joana S\u00e1nchez, y el ministro de Comunas, Movimientos Sociales y Agricultura Urbana, \u00c1ngel Prado, a trav\u00e9s de un pase satelital con el presidente de la Rep\u00fablica Bolivariana de Venezuela, Nicol\u00e1s Maduro, reactivaron este mi\u00e9rcoles una red de distribuci\u00f3n y comercializaci\u00f3n de alimentos en la parroquia Joaqu\u00edn [&hellip;]<\/p>\n","protected":false},"author":1,"featured_media":23763,"comment_status":"open","ping_status":"open","sticky":false,"template":"","format":"standard","meta":{"footnotes":""},"categories":[18,7],"tags":[],"class_list":["post-23762","post","type-post","status-publish","format-standard","has-post-thumbnail","hentry","category-noticias-principales","category-notas-de-prensa"],"_links":{"self":[{"href":"https:\/\/prensapresidencialvenezuela.gob.ve\/index.php\/wp-json\/wp\/v2\/posts\/23762","targetHints":{"allow":["GET"]}}],"collection":[{"href":"https:\/\/prensapresidencialvenezuela.gob.ve\/index.php\/wp-json\/wp\/v2\/posts"}],"about":[{"href":"https:\/\/prensapresidencialvenezuela.gob.ve\/index.php\/wp-json\/wp\/v2\/types\/post"}],"author":[{"embeddable":true,"href":"https:\/\/prensapresidencialvenezuela.gob.ve\/index.php\/wp-json\/wp\/v2\/users\/1"}],"replies":[{"embeddable":true,"href":"https:\/\/prensapresidencialvenezuela.gob.ve\/index.php\/wp-json\/wp\/v2\/comments?post=23762"}],"version-history":[{"count":1,"href":"https:\/\/prensapresidencialvenezuela.gob.ve\/index.php\/wp-json\/wp\/v2\/posts\/23762\/revisions"}],"predecessor-version":[{"id":23765,"href":"https:\/\/prensapresidencialvenezuela.gob.ve\/index.php\/wp-json\/wp\/v2\/posts\/23762\/revisions\/23765"}],"wp:featuredmedia":[{"embeddable":true,"href":"https:\/\/prensapresidencialvenezuela.gob.ve\/index.php\/wp-json\/wp\/v2\/media\/23763"}],"wp:attachment":[{"href":"https:\/\/prensapresidencialvenezuela.gob.ve\/index.php\/wp-json\/wp\/v2\/media?parent=23762"}],"wp:term":[{"taxonomy":"category","embeddable":true,"href":"https:\/\/prensapresidencialvenezuela.gob.ve\/index.php\/wp-json\/wp\/v2\/categories?post=23762"},{"taxonomy":"post_tag","embeddable":true,"href":"https:\/\/prensapresidencialvenezuela.gob.ve\/index.php\/wp-json\/wp\/v2\/tags?post=23762"}],"curies":[{"name":"wp","href":"https:\/\/api.w.org\/{rel}","templated":true}]}}