{"id":23772,"date":"2025-09-11T06:44:35","date_gmt":"2025-09-11T10:44:35","guid":{"rendered":"https:\/\/prensapresidencialvenezuela.gob.ve\/?p=23772"},"modified":"2025-09-11T13:02:19","modified_gmt":"2025-09-11T17:02:19","slug":"presidente-maduro-no-aceptaremos-la-paz-de-las-colonias","status":"publish","type":"post","link":"https:\/\/prensapresidencialvenezuela.gob.ve\/index.php\/2025\/09\/11\/presidente-maduro-no-aceptaremos-la-paz-de-las-colonias\/","title":{"rendered":"Presidente Maduro: \u00abNo aceptaremos la paz de las colonias\u00bb"},"content":{"rendered":"\n<p><strong>Ciudad Caribia.- <\/strong>El presidente de la Rep\u00fablica Bolivariana de Venezuela, Nicol\u00e1s Maduro, afirm\u00f3 que la naci\u00f3n solo busca la paz para desarrollar su propio modelo, rechazando de manera contundente la <strong>\u00abpaz de las colonias\u00bb o la de la esclavitud.<\/strong><\/p>\n\n\n\n<p>El Jefe de Estado sentenci\u00f3 que la paz ganada por Venezuela \u00aba pulso\u00bb ser\u00e1 defendida y consolidada en una \u00abperfecta uni\u00f3n nacional\u00bb, a la vez que celebr\u00f3 el \u00abfervor patri\u00f3tico\u00bb del pueblo que ha respondido con \u00abserenidad y firmeza\u00bb ante las amenazas imperiales.<\/p>\n\n\n\n<p>En este sentido, la vicepresidenta Ejecutiva, Delcy Rodr\u00edguez, destac\u00f3 que la <strong>Fuerza Armada Nacional Bolivariana (FANB)<\/strong>, la Milicia y la Polic\u00eda Nacional se mantienen en \u00abresistencia activa y ofensiva permanente\u00bb para resguardar las costas y la fachada atl\u00e1ntica del pa\u00eds.<\/p>\n\n\n\n<p>Estas acciones se enmarcan en el <strong>Plan Independencia 200<\/strong>, el cual contempla el despliegue y ejercicios militares en puntos estrat\u00e9gicos para garantizar la defensa de la soberan\u00eda nacional.<\/p>\n\n\n\n<p><strong>Prensa Presidencial\/ Luis Tavera<\/strong><\/p>\n","protected":false},"excerpt":{"rendered":"<p>Ciudad Caribia.- El presidente de la Rep\u00fablica Bolivariana de Venezuela, Nicol\u00e1s Maduro, afirm\u00f3 que la naci\u00f3n solo busca la paz para desarrollar su propio modelo, rechazando de manera contundente la \u00abpaz de las colonias\u00bb o la de la esclavitud. El Jefe de Estado sentenci\u00f3 que la paz ganada por Venezuela \u00aba pulso\u00bb ser\u00e1 defendida y [&hellip;]<\/p>\n","protected":false},"author":1,"featured_media":23789,"comment_status":"open","ping_status":"open","sticky":false,"template":"","format":"standard","meta":{"footnotes":""},"categories":[18,7],"tags":[],"class_list":["post-23772","post","type-post","status-publish","format-standard","has-post-thumbnail","hentry","category-noticias-principales","category-notas-de-prensa"],"_links":{"self":[{"href":"https:\/\/prensapresidencialvenezuela.gob.ve\/index.php\/wp-json\/wp\/v2\/posts\/23772","targetHints":{"allow":["GET"]}}],"collection":[{"href":"https:\/\/prensapresidencialvenezuela.gob.ve\/index.php\/wp-json\/wp\/v2\/posts"}],"about":[{"href":"https:\/\/prensapresidencialvenezuela.gob.ve\/index.php\/wp-json\/wp\/v2\/types\/post"}],"author":[{"embeddable":true,"href":"https:\/\/prensapresidencialvenezuela.gob.ve\/index.php\/wp-json\/wp\/v2\/users\/1"}],"replies":[{"embeddable":true,"href":"https:\/\/prensapresidencialvenezuela.gob.ve\/index.php\/wp-json\/wp\/v2\/comments?post=23772"}],"version-history":[{"count":3,"href":"https:\/\/prensapresidencialvenezuela.gob.ve\/index.php\/wp-json\/wp\/v2\/posts\/23772\/revisions"}],"predecessor-version":[{"id":23786,"href":"https:\/\/prensapresidencialvenezuela.gob.ve\/index.php\/wp-json\/wp\/v2\/posts\/23772\/revisions\/23786"}],"wp:featuredmedia":[{"embeddable":true,"href":"https:\/\/prensapresidencialvenezuela.gob.ve\/index.php\/wp-json\/wp\/v2\/media\/23789"}],"wp:attachment":[{"href":"https:\/\/prensapresidencialvenezuela.gob.ve\/index.php\/wp-json\/wp\/v2\/media?parent=23772"}],"wp:term":[{"taxonomy":"category","embeddable":true,"href":"https:\/\/prensapresidencialvenezuela.gob.ve\/index.php\/wp-json\/wp\/v2\/categories?post=23772"},{"taxonomy":"post_tag","embeddable":true,"href":"https:\/\/prensapresidencialvenezuela.gob.ve\/index.php\/wp-json\/wp\/v2\/tags?post=23772"}],"curies":[{"name":"wp","href":"https:\/\/api.w.org\/{rel}","templated":true}]}}