{"id":23776,"date":"2025-09-11T07:02:20","date_gmt":"2025-09-11T11:02:20","guid":{"rendered":"https:\/\/prensapresidencialvenezuela.gob.ve\/?p=23776"},"modified":"2025-09-11T09:52:13","modified_gmt":"2025-09-11T13:52:13","slug":"284-frentes-de-batalla-activos-para-la-defensa-permanente-de-la-nacion","status":"publish","type":"post","link":"https:\/\/prensapresidencialvenezuela.gob.ve\/index.php\/2025\/09\/11\/284-frentes-de-batalla-activos-para-la-defensa-permanente-de-la-nacion\/","title":{"rendered":"284 \u00abfrentes de batalla\u00bb activos para la defensa permanente de la Naci\u00f3n"},"content":{"rendered":"\n<p><strong>Ciudad Caribia.-<\/strong> El presidente de la Rep\u00fablica Bolivariana de Venezuela, Nicol\u00e1s Maduro Moros, destac\u00f3 durante la activaci\u00f3n del Plan Independencia 200, que esta operaci\u00f3n se enmarcada en la doctrina de la <strong>\u00abDefensa Integral de la Naci\u00f3n\u00bb<\/strong>, que se plantea la \u00abofensiva permanente\u00bb de todo el pa\u00eds para <strong>\u00abganar y consolidar la paz\u00bb.&nbsp;<\/strong><\/p>\n\n\n\n<p>Durante su alocuci\u00f3n desde Ciudad Caribia, en el estado La Guaira, Comandante en Jefe de la Fuerza Armada Nacional Bolivariana (FANB), subray\u00f3 que este plan se realiza bajo el concepto de una \u00abResistencia Activa y Defensiva Permanente\u00bb.<\/p>\n\n\n\n<figure class=\"wp-block-image size-large\"><img fetchpriority=\"high\" decoding=\"async\" width=\"1024\" height=\"683\" src=\"https:\/\/prensapresidencialvenezuela.gob.ve\/wp-content\/uploads\/2025\/09\/18_JZ_L0604_P-1024x683.jpg\" alt=\"\" class=\"wp-image-23778\" srcset=\"https:\/\/prensapresidencialvenezuela.gob.ve\/wp-content\/uploads\/2025\/09\/18_JZ_L0604_P-1024x683.jpg 1024w, https:\/\/prensapresidencialvenezuela.gob.ve\/wp-content\/uploads\/2025\/09\/18_JZ_L0604_P-300x200.jpg 300w, https:\/\/prensapresidencialvenezuela.gob.ve\/wp-content\/uploads\/2025\/09\/18_JZ_L0604_P-768x512.jpg 768w, https:\/\/prensapresidencialvenezuela.gob.ve\/wp-content\/uploads\/2025\/09\/18_JZ_L0604_P-1536x1024.jpg 1536w, https:\/\/prensapresidencialvenezuela.gob.ve\/wp-content\/uploads\/2025\/09\/18_JZ_L0604_P-2048x1365.jpg 2048w\" sizes=\"(max-width: 1024px) 100vw, 1024px\" \/><\/figure>\n\n\n\n<p>Asimismo, inform\u00f3 que hoy inicia el arranque de 284 frentes de batalla en todo el territorio nacional, de \u00abnorte a sur, de este a oeste, desde todas las costas del Caribe, desde la frontera con Colombia, desde Los Andes, desde el oriente del pa\u00eds; incluyendo las costas, fronteras venezolanas\u00bb.<\/p>\n\n\n\n<p>El Mandatario Nacional acentu\u00f3 que esta acci\u00f3n se efect\u00faa con la participaci\u00f3n de la FANB, con todo su equipamiento, tropas y oficiales, as\u00ed como de los Cuerpos Combatientes y la Milicia Bolivariana, para la \u00abconsolidaci\u00f3n del sistema defensivo nacional\u00bb, que afianzar\u00e1 la independencia y la paz venezolana.<\/p>\n\n\n\n<p><strong>Prensa Presidencial\/ Irmary D\u00edaz<\/strong><\/p>\n\n\n\n<p><\/p>\n","protected":false},"excerpt":{"rendered":"<p>Ciudad Caribia.- El presidente de la Rep\u00fablica Bolivariana de Venezuela, Nicol\u00e1s Maduro Moros, destac\u00f3 durante la activaci\u00f3n del Plan Independencia 200, que esta operaci\u00f3n se enmarcada en la doctrina de la \u00abDefensa Integral de la Naci\u00f3n\u00bb, que se plantea la \u00abofensiva permanente\u00bb de todo el pa\u00eds para \u00abganar y consolidar la paz\u00bb.&nbsp; Durante su alocuci\u00f3n [&hellip;]<\/p>\n","protected":false},"author":1,"featured_media":23777,"comment_status":"open","ping_status":"open","sticky":false,"template":"","format":"standard","meta":{"footnotes":""},"categories":[18,7],"tags":[],"class_list":["post-23776","post","type-post","status-publish","format-standard","has-post-thumbnail","hentry","category-noticias-principales","category-notas-de-prensa"],"_links":{"self":[{"href":"https:\/\/prensapresidencialvenezuela.gob.ve\/index.php\/wp-json\/wp\/v2\/posts\/23776","targetHints":{"allow":["GET"]}}],"collection":[{"href":"https:\/\/prensapresidencialvenezuela.gob.ve\/index.php\/wp-json\/wp\/v2\/posts"}],"about":[{"href":"https:\/\/prensapresidencialvenezuela.gob.ve\/index.php\/wp-json\/wp\/v2\/types\/post"}],"author":[{"embeddable":true,"href":"https:\/\/prensapresidencialvenezuela.gob.ve\/index.php\/wp-json\/wp\/v2\/users\/1"}],"replies":[{"embeddable":true,"href":"https:\/\/prensapresidencialvenezuela.gob.ve\/index.php\/wp-json\/wp\/v2\/comments?post=23776"}],"version-history":[{"count":2,"href":"https:\/\/prensapresidencialvenezuela.gob.ve\/index.php\/wp-json\/wp\/v2\/posts\/23776\/revisions"}],"predecessor-version":[{"id":23784,"href":"https:\/\/prensapresidencialvenezuela.gob.ve\/index.php\/wp-json\/wp\/v2\/posts\/23776\/revisions\/23784"}],"wp:featuredmedia":[{"embeddable":true,"href":"https:\/\/prensapresidencialvenezuela.gob.ve\/index.php\/wp-json\/wp\/v2\/media\/23777"}],"wp:attachment":[{"href":"https:\/\/prensapresidencialvenezuela.gob.ve\/index.php\/wp-json\/wp\/v2\/media?parent=23776"}],"wp:term":[{"taxonomy":"category","embeddable":true,"href":"https:\/\/prensapresidencialvenezuela.gob.ve\/index.php\/wp-json\/wp\/v2\/categories?post=23776"},{"taxonomy":"post_tag","embeddable":true,"href":"https:\/\/prensapresidencialvenezuela.gob.ve\/index.php\/wp-json\/wp\/v2\/tags?post=23776"}],"curies":[{"name":"wp","href":"https:\/\/api.w.org\/{rel}","templated":true}]}}