{"id":2378,"date":"2022-06-13T16:46:00","date_gmt":"2022-06-13T16:46:00","guid":{"rendered":"http:\/\/172.27.0.121\/?p=2378"},"modified":"2022-07-13T16:47:45","modified_gmt":"2022-07-13T16:47:45","slug":"presidente-maduro-se-reune-con-ministro-de-petroleo-de-iran","status":"publish","type":"post","link":"https:\/\/prensapresidencialvenezuela.gob.ve\/index.php\/2022\/06\/13\/presidente-maduro-se-reune-con-ministro-de-petroleo-de-iran\/","title":{"rendered":"Presidente Maduro se re\u00fane con ministro de petr\u00f3leo de Ir\u00e1n"},"content":{"rendered":"\n<p><strong>Teher\u00e1n, Rep\u00fablica Isl\u00e1mica de Ir\u00e1n.-<\/strong> El presidente de la Rep\u00fablica, Nicol\u00e1s Maduro, sostiene este lunes un encuentro con el ministro de Petr\u00f3leo iran\u00ed, Javad Owji, en el contexto de la agenda euroasi\u00e1tica que apunta a fortalecer las \u00e1reas de ciencia y tecnolog\u00eda, agricultura, transporte, energ\u00eda, turismo y cultura.<\/p>\n\n\n\n<p>\u00abSostuve un grato encuentro con el Ministro de Petr\u00f3leo de Ir\u00e1n, Javad Owji, con \u00e9l convers\u00e9 sobre las estrategias para contrarrestar las sanciones criminales contra nuestros pueblos. Avanzamos con pasos firmes en el fortalecimiento y dinamizaci\u00f3n de la econom\u00eda de Venezuela\u00bb, puntualiz\u00f3 el jefe de Estado y de Gobierno a trav\u00e9s de su cuenta de Twitter, @NicolasMaduro.<\/p>\n\n\n\n<p>Es la segunda vez que sostienen un encuentro, luego del di\u00e1logo que se desarroll\u00f3 en Caracas el 2 de mayo a prop\u00f3sito de una visita de trabajo de Javad Owji que contempl\u00f3 una reuni\u00f3n con su par venezolano, Tareck El Aissami.<\/p>\n\n\n\n<p>En aquella ocasi\u00f3n, el encuentro bilateral sirvi\u00f3 para evaluar los acuerdos establecidos entre la Rep\u00fablica Bolivariana de Venezuela y la Rep\u00fablica Isl\u00e1mica de Ir\u00e1n, especialmente aquellos que apuntan al \u00e1rea de los hidrocarburos.<\/p>\n\n\n\n<p>Asimismo, Owji y El Aissami repasaron las oportunidades de cooperaci\u00f3n en el sector petrolero, gas\u00edfero y petroqu\u00edmico, as\u00ed como en el \u00e1mbito multilateral con las s\u00f3lidas alianzas que mantienen Caracas y Teher\u00e1n en el seno de la OPEP y la Declaraci\u00f3n de Cooperaci\u00f3n OPEP+.<\/p>\n\n\n\n<p><strong>Prensa Presidencial\/Karelis Gonz\u00e1lez<\/strong><\/p>\n\n\n\n<p><a rel=\"noreferrer noopener\" href=\"http:\/\/www.minci.gob.ve\/presidente-maduro-se-reune-con-ministro-de-petroleo-de-iran\/#\" target=\"_blank\"><\/a><\/p>\n\n\n\n<p><a rel=\"noreferrer noopener\" href=\"https:\/\/plus.google.com\/share?url=http:\/\/www.minci.gob.ve\/presidente-maduro-se-reune-con-ministro-de-petroleo-de-iran\/\" target=\"_blank\"><\/a><\/p>\n\n\n\n<p><a href=\"whatsapp:\/\/send?text=Presidente%20Maduro%20se%20re\u00fane%20con%20ministro%20de%20petr\u00f3leo%20de%20Ir\u00e1n%20http%3A%2F%2Fwww.minci.gob.ve%2F%3Fp%3D433184\"><\/a><\/p>\n\n\n\n<p><a rel=\"noreferrer noopener\" href=\"\/\/msg?text=Presidente%20Maduro%20se%20re\u00fane%20con%20ministro%20de%20petr\u00f3leo%20de%20Ir\u00e1n%20http%3A%2F%2Fwww.minci.gob.ve%2F%3Fp%3D433184\" target=\"_blank\"><\/a><\/p>\n\n\n\n<p><a rel=\"noreferrer noopener\" href=\"sms:&amp;body=Presidente%20Maduro%20se%20re\u00fane%20con%20ministro%20de%20petr\u00f3leo%20de%20Ir\u00e1n%20http%3A%2F%2Fwww.minci.gob.ve%2F%3Fp%3D433184\" target=\"_blank\"><\/a><\/p>\n\n\n\n<p><a rel=\"noreferrer noopener\" href=\"http:\/\/compose.mail.yahoo.com\/?body=http:\/\/www.minci.gob.ve\/presidente-maduro-se-reune-con-ministro-de-petroleo-de-iran\/\" target=\"_blank\"><\/a><\/p>\n\n\n\n<p><a rel=\"noreferrer noopener\" href=\"https:\/\/mail.google.com\/mail\/u\/0\/?view=cm&amp;fs=1&amp;su=Presidente+Maduro+se+re%C3%BAne+con+ministro+de+petr%C3%B3leo+de+Ir%C3%A1n&amp;body=http:\/\/www.minci.gob.ve\/presidente-maduro-se-reune-con-ministro-de-petroleo-de-iran\/&amp;ui=2&amp;tf=1\" target=\"_blank\"><\/a><\/p>\n","protected":false},"excerpt":{"rendered":"<p>Teher\u00e1n, Rep\u00fablica Isl\u00e1mica de Ir\u00e1n.- El presidente de la Rep\u00fablica, Nicol\u00e1s Maduro, sostiene este lunes un encuentro con el ministro de Petr\u00f3leo iran\u00ed, Javad Owji, en el contexto de la agenda euroasi\u00e1tica que apunta a fortalecer las \u00e1reas de ciencia y tecnolog\u00eda, agricultura, transporte, energ\u00eda, turismo y cultura. \u00abSostuve un grato encuentro con el Ministro [&hellip;]<\/p>\n","protected":false},"author":6,"featured_media":2379,"comment_status":"open","ping_status":"open","sticky":false,"template":"","format":"standard","meta":{"footnotes":""},"categories":[7],"tags":[],"class_list":["post-2378","post","type-post","status-publish","format-standard","has-post-thumbnail","hentry","category-notas-de-prensa"],"_links":{"self":[{"href":"https:\/\/prensapresidencialvenezuela.gob.ve\/index.php\/wp-json\/wp\/v2\/posts\/2378","targetHints":{"allow":["GET"]}}],"collection":[{"href":"https:\/\/prensapresidencialvenezuela.gob.ve\/index.php\/wp-json\/wp\/v2\/posts"}],"about":[{"href":"https:\/\/prensapresidencialvenezuela.gob.ve\/index.php\/wp-json\/wp\/v2\/types\/post"}],"author":[{"embeddable":true,"href":"https:\/\/prensapresidencialvenezuela.gob.ve\/index.php\/wp-json\/wp\/v2\/users\/6"}],"replies":[{"embeddable":true,"href":"https:\/\/prensapresidencialvenezuela.gob.ve\/index.php\/wp-json\/wp\/v2\/comments?post=2378"}],"version-history":[{"count":1,"href":"https:\/\/prensapresidencialvenezuela.gob.ve\/index.php\/wp-json\/wp\/v2\/posts\/2378\/revisions"}],"predecessor-version":[{"id":2380,"href":"https:\/\/prensapresidencialvenezuela.gob.ve\/index.php\/wp-json\/wp\/v2\/posts\/2378\/revisions\/2380"}],"wp:featuredmedia":[{"embeddable":true,"href":"https:\/\/prensapresidencialvenezuela.gob.ve\/index.php\/wp-json\/wp\/v2\/media\/2379"}],"wp:attachment":[{"href":"https:\/\/prensapresidencialvenezuela.gob.ve\/index.php\/wp-json\/wp\/v2\/media?parent=2378"}],"wp:term":[{"taxonomy":"category","embeddable":true,"href":"https:\/\/prensapresidencialvenezuela.gob.ve\/index.php\/wp-json\/wp\/v2\/categories?post=2378"},{"taxonomy":"post_tag","embeddable":true,"href":"https:\/\/prensapresidencialvenezuela.gob.ve\/index.php\/wp-json\/wp\/v2\/tags?post=2378"}],"curies":[{"name":"wp","href":"https:\/\/api.w.org\/{rel}","templated":true}]}}