{"id":23790,"date":"2025-09-11T20:11:56","date_gmt":"2025-09-12T00:11:56","guid":{"rendered":"https:\/\/prensapresidencialvenezuela.gob.ve\/?p=23790"},"modified":"2025-09-11T20:11:57","modified_gmt":"2025-09-12T00:11:57","slug":"plenaria-extraordinaria-del-v-congreso-psuv-es-liderada-por-el-jefe-de-estado-venezolano","status":"publish","type":"post","link":"https:\/\/prensapresidencialvenezuela.gob.ve\/index.php\/2025\/09\/11\/plenaria-extraordinaria-del-v-congreso-psuv-es-liderada-por-el-jefe-de-estado-venezolano\/","title":{"rendered":"Plenaria Extraordinaria del V Congreso PSUV es liderada por el Jefe de Estado venezolano"},"content":{"rendered":"\n<p><strong>Teatro Municipal de Caracas.<\/strong> Este jueves, el presidente de la Rep\u00fablica Bolivariana de Venezuela, <strong>Nicol\u00e1s Maduro Moros<\/strong>, lider\u00f3 la Plenaria Extraordinaria del V Congreso del Partido Socialista Unido de Venezuela (PSUV), con el objetivo de promover nuevos m\u00e9todos estrat\u00e9gicos que contribuyan a la defensa de la soberan\u00eda y la paz de la Naci\u00f3n.<\/p>\n\n\n\n<p>Este encuentro cont\u00f3 con la participaci\u00f3n de m\u00e1s de <strong>10 mil militantes<\/strong>, incluyendo a la juventud revolucionaria, quienes debatieron la creaci\u00f3n de nuevas tareas dentro del bloque, as\u00ed como la importancia de conocer a profundidad las <strong>7 Transformaciones del Plan de la Patria 2025-2031<\/strong>, emanadas por el Jefe de Estado en aras de avanzar hacia la nueva \u00e9poca del socialismo impulsado por el Comandante Eterno, <strong>Hugo Ch\u00e1vez<\/strong>.<\/p>\n\n\n\n<p>Adem\u00e1s, es relevante destacar que, en horas de la madrugada, el L\u00edder de la Revoluci\u00f3n Bolivariana y Comandante en Jefe de la Fuerza Armada Nacional Bolivariana (FANB) activ\u00f3 el <strong>Plan Independencia 200<\/strong>, bajo un concepto de defensa activa y permanente ante las agresiones imperialistas, con <strong>284 frentes de batalla<\/strong> del cuerpo castrense en fusi\u00f3n popular, militar y policial.<\/p>\n\n\n\n<figure class=\"wp-block-gallery has-nested-images columns-default is-cropped wp-block-gallery-1 is-layout-flex wp-block-gallery-is-layout-flex\">\n<figure class=\"wp-block-image size-large\"><img fetchpriority=\"high\" decoding=\"async\" width=\"1024\" height=\"683\" data-id=\"23792\" src=\"https:\/\/prensapresidencialvenezuela.gob.ve\/wp-content\/uploads\/2025\/09\/03_JZ_L0790_P-1024x683.jpg\" alt=\"\" class=\"wp-image-23792\" srcset=\"https:\/\/prensapresidencialvenezuela.gob.ve\/wp-content\/uploads\/2025\/09\/03_JZ_L0790_P-1024x683.jpg 1024w, https:\/\/prensapresidencialvenezuela.gob.ve\/wp-content\/uploads\/2025\/09\/03_JZ_L0790_P-300x200.jpg 300w, https:\/\/prensapresidencialvenezuela.gob.ve\/wp-content\/uploads\/2025\/09\/03_JZ_L0790_P-768x512.jpg 768w, https:\/\/prensapresidencialvenezuela.gob.ve\/wp-content\/uploads\/2025\/09\/03_JZ_L0790_P-1536x1024.jpg 1536w, https:\/\/prensapresidencialvenezuela.gob.ve\/wp-content\/uploads\/2025\/09\/03_JZ_L0790_P-2048x1365.jpg 2048w\" sizes=\"(max-width: 1024px) 100vw, 1024px\" \/><\/figure>\n\n\n\n<figure class=\"wp-block-image size-large\"><img decoding=\"async\" width=\"1024\" height=\"683\" data-id=\"23793\" src=\"https:\/\/prensapresidencialvenezuela.gob.ve\/wp-content\/uploads\/2025\/09\/08_JZ_L1076_P-1024x683.jpg\" alt=\"\" class=\"wp-image-23793\" srcset=\"https:\/\/prensapresidencialvenezuela.gob.ve\/wp-content\/uploads\/2025\/09\/08_JZ_L1076_P-1024x683.jpg 1024w, https:\/\/prensapresidencialvenezuela.gob.ve\/wp-content\/uploads\/2025\/09\/08_JZ_L1076_P-300x200.jpg 300w, https:\/\/prensapresidencialvenezuela.gob.ve\/wp-content\/uploads\/2025\/09\/08_JZ_L1076_P-768x512.jpg 768w, https:\/\/prensapresidencialvenezuela.gob.ve\/wp-content\/uploads\/2025\/09\/08_JZ_L1076_P-1536x1024.jpg 1536w, https:\/\/prensapresidencialvenezuela.gob.ve\/wp-content\/uploads\/2025\/09\/08_JZ_L1076_P-2048x1365.jpg 2048w\" sizes=\"(max-width: 1024px) 100vw, 1024px\" \/><\/figure>\n\n\n\n<figure class=\"wp-block-image size-large\"><img decoding=\"async\" width=\"1024\" height=\"683\" data-id=\"23794\" src=\"https:\/\/prensapresidencialvenezuela.gob.ve\/wp-content\/uploads\/2025\/09\/09_JZ_L1089_P-1024x683.jpg\" alt=\"\" class=\"wp-image-23794\" srcset=\"https:\/\/prensapresidencialvenezuela.gob.ve\/wp-content\/uploads\/2025\/09\/09_JZ_L1089_P-1024x683.jpg 1024w, https:\/\/prensapresidencialvenezuela.gob.ve\/wp-content\/uploads\/2025\/09\/09_JZ_L1089_P-300x200.jpg 300w, https:\/\/prensapresidencialvenezuela.gob.ve\/wp-content\/uploads\/2025\/09\/09_JZ_L1089_P-768x512.jpg 768w, https:\/\/prensapresidencialvenezuela.gob.ve\/wp-content\/uploads\/2025\/09\/09_JZ_L1089_P-1536x1024.jpg 1536w, https:\/\/prensapresidencialvenezuela.gob.ve\/wp-content\/uploads\/2025\/09\/09_JZ_L1089_P-2048x1365.jpg 2048w\" sizes=\"(max-width: 1024px) 100vw, 1024px\" \/><\/figure>\n<\/figure>\n\n\n\n<p>En el congreso, tambi\u00e9n se debatieron temas de car\u00e1cter pol\u00edtico-hist\u00f3rico para el pa\u00eds, como:<\/p>\n\n\n\n<ul class=\"wp-block-list\">\n<li><strong>Balance organizativo:<\/strong> Para la revisi\u00f3n de la estructura del PSUV en los niveles estadales, municipales y comunales.<\/li>\n\n\n\n<li><strong>Evaluaci\u00f3n de gesti\u00f3n:<\/strong> Con el objetivo de analizar la gesti\u00f3n p\u00fablica y comunal.<\/li>\n\n\n\n<li><strong>Revisi\u00f3n de procesos electorales:<\/strong> Para evaluar los resultados de los comicios recientes.<\/li>\n\n\n\n<li><strong>Consolidaci\u00f3n del liderazgo sectorial:<\/strong> Con la visi\u00f3n estrat\u00e9gica de fortalecer el liderazgo entre trabajadores, mujeres, campesinos y otros grupos sociales del pa\u00eds.<\/li>\n<\/ul>\n\n\n\n<p>Asimismo, entre otros temas abordados en la actividad, se discuti\u00f3 la <strong>transici\u00f3n del pueblo en armas por la paz<\/strong> y la <strong>salvaguarda de la territorialidad<\/strong> como un elemento fundamental para lograr la irreversibilidad de la Revoluci\u00f3n Bolivariana.<\/p>\n\n\n\n<p><strong>Prensa Presidencial\/ Irmary D\u00edaz&nbsp;<\/strong><\/p>\n","protected":false},"excerpt":{"rendered":"<p>Teatro Municipal de Caracas. Este jueves, el presidente de la Rep\u00fablica Bolivariana de Venezuela, Nicol\u00e1s Maduro Moros, lider\u00f3 la Plenaria Extraordinaria del V Congreso del Partido Socialista Unido de Venezuela (PSUV), con el objetivo de promover nuevos m\u00e9todos estrat\u00e9gicos que contribuyan a la defensa de la soberan\u00eda y la paz de la Naci\u00f3n. Este encuentro [&hellip;]<\/p>\n","protected":false},"author":1,"featured_media":23791,"comment_status":"open","ping_status":"open","sticky":false,"template":"","format":"standard","meta":{"footnotes":""},"categories":[18,7],"tags":[],"class_list":["post-23790","post","type-post","status-publish","format-standard","has-post-thumbnail","hentry","category-noticias-principales","category-notas-de-prensa"],"_links":{"self":[{"href":"https:\/\/prensapresidencialvenezuela.gob.ve\/index.php\/wp-json\/wp\/v2\/posts\/23790","targetHints":{"allow":["GET"]}}],"collection":[{"href":"https:\/\/prensapresidencialvenezuela.gob.ve\/index.php\/wp-json\/wp\/v2\/posts"}],"about":[{"href":"https:\/\/prensapresidencialvenezuela.gob.ve\/index.php\/wp-json\/wp\/v2\/types\/post"}],"author":[{"embeddable":true,"href":"https:\/\/prensapresidencialvenezuela.gob.ve\/index.php\/wp-json\/wp\/v2\/users\/1"}],"replies":[{"embeddable":true,"href":"https:\/\/prensapresidencialvenezuela.gob.ve\/index.php\/wp-json\/wp\/v2\/comments?post=23790"}],"version-history":[{"count":1,"href":"https:\/\/prensapresidencialvenezuela.gob.ve\/index.php\/wp-json\/wp\/v2\/posts\/23790\/revisions"}],"predecessor-version":[{"id":23795,"href":"https:\/\/prensapresidencialvenezuela.gob.ve\/index.php\/wp-json\/wp\/v2\/posts\/23790\/revisions\/23795"}],"wp:featuredmedia":[{"embeddable":true,"href":"https:\/\/prensapresidencialvenezuela.gob.ve\/index.php\/wp-json\/wp\/v2\/media\/23791"}],"wp:attachment":[{"href":"https:\/\/prensapresidencialvenezuela.gob.ve\/index.php\/wp-json\/wp\/v2\/media?parent=23790"}],"wp:term":[{"taxonomy":"category","embeddable":true,"href":"https:\/\/prensapresidencialvenezuela.gob.ve\/index.php\/wp-json\/wp\/v2\/categories?post=23790"},{"taxonomy":"post_tag","embeddable":true,"href":"https:\/\/prensapresidencialvenezuela.gob.ve\/index.php\/wp-json\/wp\/v2\/tags?post=23790"}],"curies":[{"name":"wp","href":"https:\/\/api.w.org\/{rel}","templated":true}]}}