{"id":23796,"date":"2025-09-11T20:39:08","date_gmt":"2025-09-12T00:39:08","guid":{"rendered":"https:\/\/prensapresidencialvenezuela.gob.ve\/?p=23796"},"modified":"2025-09-11T20:39:09","modified_gmt":"2025-09-12T00:39:09","slug":"plenaria-del-v-congreso-del-psuv-rinde-homenaje-a-salvador-allende-en-el-52-aniversario-de-su-martirio","status":"publish","type":"post","link":"https:\/\/prensapresidencialvenezuela.gob.ve\/index.php\/2025\/09\/11\/plenaria-del-v-congreso-del-psuv-rinde-homenaje-a-salvador-allende-en-el-52-aniversario-de-su-martirio\/","title":{"rendered":"Plenaria del V Congreso del PSUV rinde homenaje a Salvador Allende en el 52.\u00b0 aniversario de su martirio"},"content":{"rendered":"\n<p><strong><br>Teatro Municipal de Caracas, Caracas.-<\/strong> El presidente de la Rep\u00fablica Bolivariana de Venezuela, Nicol\u00e1s Maduro, anunci\u00f3 que la Plenaria Extraordinaria del V Congreso del Partido Socialista Unido de Venezuela (PSUV) y del IV Congreso de la Juventud Socialista, celebrada este jueves en el Teatro Municipal de Caracas, se realiza en homenaje al presidente m\u00e1rtir, Salvador Allende, a 52 a\u00f1os del golpe de Estado en Chile.<\/p>\n\n\n\n<p>Durante su discurso, el Mandatario nacional destac\u00f3 la figura de Allende como un \u00abl\u00edder valiente de nuestra Am\u00e9rica\u00bb, as\u00ed como tambi\u00e9n su legado y la relevancia de su martirio y, m\u00e1s temprano, lo describi\u00f3 como un faro de dignidad, que fue ejemplo de resistencia para Am\u00e9rica Latina y el Caribe.<\/p>\n\n\n\n<p>En una plenaria que reuni\u00f3 a 2 885 delegados y delegadas de los 24 estados del pa\u00eds, m\u00e1s la capital, Caracas, el presidente Maduro salud\u00f3 a los delegados internacionales provenientes de diversas geograf\u00edas, incluyendo Brasil, Chile, Colombia, el Pa\u00eds Vasco, Espa\u00f1a, Uruguay, Argentina, Ecuador, M\u00e9xico y Honduras.<\/p>\n\n\n\n<p>Tambi\u00e9n, hizo referencia a los debates previos del Congreso y destac\u00f3 el car\u00e1cter din\u00e1mico y dial\u00e9ctico del PSUV. \u00abNuestro partido es un partido y nuestro movimiento pol\u00edtico y nuestras grandes alianzas, nuestro bloque hist\u00f3rico, son fuerzas y movimientos pol\u00edticos que est\u00e1n permanentemente en din\u00e1mica dial\u00e9ctica, en acci\u00f3n, reflexi\u00f3n, como m\u00e9todo de construcci\u00f3n de la pol\u00edtica, de la estrategia, de la t\u00e1ctica, de la doctrina\u00bb, afirm\u00f3.<\/p>\n\n\n\n<p>Asimismo, record\u00f3 la \u00faltima plenaria realizada en el mes de febrero, en la cual se dise\u00f1\u00f3 la estrategia para el Plan de la Patria y se enfrentaron las coyunturas electorales. Se\u00f1al\u00f3 que la respuesta del pueblo ante la guerra psicol\u00f3gica, de principios de a\u00f1o, demostr\u00f3 la consolidaci\u00f3n de la lucha pac\u00edfica y no armada en Venezuela, lo que calific\u00f3 como una derrota del extremismo y del fascismo criminal opositor.<\/p>\n\n\n\n<p><strong>Prensa Presidencial \/ Iliana Rosales<\/strong><\/p>\n","protected":false},"excerpt":{"rendered":"<p>Teatro Municipal de Caracas, Caracas.- El presidente de la Rep\u00fablica Bolivariana de Venezuela, Nicol\u00e1s Maduro, anunci\u00f3 que la Plenaria Extraordinaria del V Congreso del Partido Socialista Unido de Venezuela (PSUV) y del IV Congreso de la Juventud Socialista, celebrada este jueves en el Teatro Municipal de Caracas, se realiza en homenaje al presidente m\u00e1rtir, Salvador [&hellip;]<\/p>\n","protected":false},"author":1,"featured_media":23797,"comment_status":"open","ping_status":"open","sticky":false,"template":"","format":"standard","meta":{"footnotes":""},"categories":[18,7],"tags":[],"class_list":["post-23796","post","type-post","status-publish","format-standard","has-post-thumbnail","hentry","category-noticias-principales","category-notas-de-prensa"],"_links":{"self":[{"href":"https:\/\/prensapresidencialvenezuela.gob.ve\/index.php\/wp-json\/wp\/v2\/posts\/23796","targetHints":{"allow":["GET"]}}],"collection":[{"href":"https:\/\/prensapresidencialvenezuela.gob.ve\/index.php\/wp-json\/wp\/v2\/posts"}],"about":[{"href":"https:\/\/prensapresidencialvenezuela.gob.ve\/index.php\/wp-json\/wp\/v2\/types\/post"}],"author":[{"embeddable":true,"href":"https:\/\/prensapresidencialvenezuela.gob.ve\/index.php\/wp-json\/wp\/v2\/users\/1"}],"replies":[{"embeddable":true,"href":"https:\/\/prensapresidencialvenezuela.gob.ve\/index.php\/wp-json\/wp\/v2\/comments?post=23796"}],"version-history":[{"count":1,"href":"https:\/\/prensapresidencialvenezuela.gob.ve\/index.php\/wp-json\/wp\/v2\/posts\/23796\/revisions"}],"predecessor-version":[{"id":23798,"href":"https:\/\/prensapresidencialvenezuela.gob.ve\/index.php\/wp-json\/wp\/v2\/posts\/23796\/revisions\/23798"}],"wp:featuredmedia":[{"embeddable":true,"href":"https:\/\/prensapresidencialvenezuela.gob.ve\/index.php\/wp-json\/wp\/v2\/media\/23797"}],"wp:attachment":[{"href":"https:\/\/prensapresidencialvenezuela.gob.ve\/index.php\/wp-json\/wp\/v2\/media?parent=23796"}],"wp:term":[{"taxonomy":"category","embeddable":true,"href":"https:\/\/prensapresidencialvenezuela.gob.ve\/index.php\/wp-json\/wp\/v2\/categories?post=23796"},{"taxonomy":"post_tag","embeddable":true,"href":"https:\/\/prensapresidencialvenezuela.gob.ve\/index.php\/wp-json\/wp\/v2\/tags?post=23796"}],"curies":[{"name":"wp","href":"https:\/\/api.w.org\/{rel}","templated":true}]}}