{"id":23803,"date":"2025-09-11T21:05:42","date_gmt":"2025-09-12T01:05:42","guid":{"rendered":"https:\/\/prensapresidencialvenezuela.gob.ve\/?p=23803"},"modified":"2025-09-11T21:05:42","modified_gmt":"2025-09-12T01:05:42","slug":"convoca-a-la-militancia-del-psuv-a-un-debate-nacional-en-las-bases-este-fin-de-semana","status":"publish","type":"post","link":"https:\/\/prensapresidencialvenezuela.gob.ve\/index.php\/2025\/09\/11\/convoca-a-la-militancia-del-psuv-a-un-debate-nacional-en-las-bases-este-fin-de-semana\/","title":{"rendered":"Convoca a la militancia del PSUV a un debate nacional en las bases este fin de semana"},"content":{"rendered":"\n<p><strong>Teatro Municipal de Caracas, Caracas.- <\/strong>El presidente de la Rep\u00fablica Bolivariana de Venezuela, Nicol\u00e1s Maduro, inform\u00f3 este jueves, durante la clausura de la Plenaria Extraordinaria del V Congreso del Partido Socialista Unido de Venezuela (PSUV) y del IV Congreso de la Juventud Socialista, una jornada de debate y consulta en las bases del partido para los pr\u00f3ximos d\u00edas 13 y 14 de septiembre.<\/p>\n\n\n\n<h2 class=\"wp-block-heading alignwide\">En su discurso, el jefe de Estado inst\u00f3 a los 2 mil 885 delegados y delegadas del congreso a trasladarse a las regiones y territorios para llevar el debate a los m\u00e1s de 60.000 equipos de calle y de comunidad de todo el pa\u00eds.<\/h2>\n\n\n\n<figure class=\"wp-block-image size-large\"><img fetchpriority=\"high\" decoding=\"async\" width=\"1024\" height=\"915\" src=\"https:\/\/prensapresidencialvenezuela.gob.ve\/wp-content\/uploads\/2025\/09\/14_JZ_L1220_P-1024x915.jpg\" alt=\"\" class=\"wp-image-23804\" srcset=\"https:\/\/prensapresidencialvenezuela.gob.ve\/wp-content\/uploads\/2025\/09\/14_JZ_L1220_P-1024x915.jpg 1024w, https:\/\/prensapresidencialvenezuela.gob.ve\/wp-content\/uploads\/2025\/09\/14_JZ_L1220_P-300x268.jpg 300w, https:\/\/prensapresidencialvenezuela.gob.ve\/wp-content\/uploads\/2025\/09\/14_JZ_L1220_P-768x686.jpg 768w, https:\/\/prensapresidencialvenezuela.gob.ve\/wp-content\/uploads\/2025\/09\/14_JZ_L1220_P-1536x1373.jpg 1536w, https:\/\/prensapresidencialvenezuela.gob.ve\/wp-content\/uploads\/2025\/09\/14_JZ_L1220_P-2048x1830.jpg 2048w\" sizes=\"(max-width: 1024px) 100vw, 1024px\" \/><\/figure>\n\n\n\n<p>El objetivo, refiri\u00f3, es que la militancia discuta y defina las l\u00edneas fundamentales de acci\u00f3n para la pr\u00f3xima etapa de la Revoluci\u00f3n Bolivariana. La propuesta fue aprobada por los asistentes, quienes fueron auto-convocados para la pr\u00f3xima semana para debatir y consolidar las conclusiones de la jornada.<\/p>\n\n\n\n<figure class=\"wp-block-image size-large\"><img decoding=\"async\" width=\"1024\" height=\"684\" src=\"https:\/\/prensapresidencialvenezuela.gob.ve\/wp-content\/uploads\/2025\/09\/photo_5051104049922946083_y-1024x684.jpg\" alt=\"\" class=\"wp-image-23805\" srcset=\"https:\/\/prensapresidencialvenezuela.gob.ve\/wp-content\/uploads\/2025\/09\/photo_5051104049922946083_y-1024x684.jpg 1024w, https:\/\/prensapresidencialvenezuela.gob.ve\/wp-content\/uploads\/2025\/09\/photo_5051104049922946083_y-300x200.jpg 300w, https:\/\/prensapresidencialvenezuela.gob.ve\/wp-content\/uploads\/2025\/09\/photo_5051104049922946083_y-768x513.jpg 768w, https:\/\/prensapresidencialvenezuela.gob.ve\/wp-content\/uploads\/2025\/09\/photo_5051104049922946083_y.jpg 1280w\" sizes=\"(max-width: 1024px) 100vw, 1024px\" \/><\/figure>\n\n\n\n<p>Asimismo, el presidente Maduro enfatiz\u00f3 la importancia de este proceso de consulta, calific\u00e1ndolo como una acci\u00f3n fundamental para el partido. La jornada ser\u00e1 organizada metodol\u00f3gicamente por el equipo de la presidencia y la secretar\u00eda general del partido, a cargo de Eduardo Pi\u00f1ate.<\/p>\n\n\n\n<p><strong>Prensa Presidencial \/ Iliana Rosales<\/strong><\/p>\n","protected":false},"excerpt":{"rendered":"<p>Teatro Municipal de Caracas, Caracas.- El presidente de la Rep\u00fablica Bolivariana de Venezuela, Nicol\u00e1s Maduro, inform\u00f3 este jueves, durante la clausura de la Plenaria Extraordinaria del V Congreso del Partido Socialista Unido de Venezuela (PSUV) y del IV Congreso de la Juventud Socialista, una jornada de debate y consulta en las bases del partido para [&hellip;]<\/p>\n","protected":false},"author":1,"featured_media":23807,"comment_status":"open","ping_status":"open","sticky":false,"template":"","format":"standard","meta":{"footnotes":""},"categories":[18,7],"tags":[],"class_list":["post-23803","post","type-post","status-publish","format-standard","has-post-thumbnail","hentry","category-noticias-principales","category-notas-de-prensa"],"_links":{"self":[{"href":"https:\/\/prensapresidencialvenezuela.gob.ve\/index.php\/wp-json\/wp\/v2\/posts\/23803","targetHints":{"allow":["GET"]}}],"collection":[{"href":"https:\/\/prensapresidencialvenezuela.gob.ve\/index.php\/wp-json\/wp\/v2\/posts"}],"about":[{"href":"https:\/\/prensapresidencialvenezuela.gob.ve\/index.php\/wp-json\/wp\/v2\/types\/post"}],"author":[{"embeddable":true,"href":"https:\/\/prensapresidencialvenezuela.gob.ve\/index.php\/wp-json\/wp\/v2\/users\/1"}],"replies":[{"embeddable":true,"href":"https:\/\/prensapresidencialvenezuela.gob.ve\/index.php\/wp-json\/wp\/v2\/comments?post=23803"}],"version-history":[{"count":1,"href":"https:\/\/prensapresidencialvenezuela.gob.ve\/index.php\/wp-json\/wp\/v2\/posts\/23803\/revisions"}],"predecessor-version":[{"id":23808,"href":"https:\/\/prensapresidencialvenezuela.gob.ve\/index.php\/wp-json\/wp\/v2\/posts\/23803\/revisions\/23808"}],"wp:featuredmedia":[{"embeddable":true,"href":"https:\/\/prensapresidencialvenezuela.gob.ve\/index.php\/wp-json\/wp\/v2\/media\/23807"}],"wp:attachment":[{"href":"https:\/\/prensapresidencialvenezuela.gob.ve\/index.php\/wp-json\/wp\/v2\/media?parent=23803"}],"wp:term":[{"taxonomy":"category","embeddable":true,"href":"https:\/\/prensapresidencialvenezuela.gob.ve\/index.php\/wp-json\/wp\/v2\/categories?post=23803"},{"taxonomy":"post_tag","embeddable":true,"href":"https:\/\/prensapresidencialvenezuela.gob.ve\/index.php\/wp-json\/wp\/v2\/tags?post=23803"}],"curies":[{"name":"wp","href":"https:\/\/api.w.org\/{rel}","templated":true}]}}