{"id":2381,"date":"2022-06-13T16:48:00","date_gmt":"2022-06-13T16:48:00","guid":{"rendered":"http:\/\/172.27.0.121\/?p=2381"},"modified":"2022-07-13T16:49:17","modified_gmt":"2022-07-13T16:49:17","slug":"presidente-visita-el-parque-tecnologico-pardis-para-elevar-capacidades-cientificas-en-comun","status":"publish","type":"post","link":"https:\/\/prensapresidencialvenezuela.gob.ve\/index.php\/2022\/06\/13\/presidente-visita-el-parque-tecnologico-pardis-para-elevar-capacidades-cientificas-en-comun\/","title":{"rendered":"Presidente visita el Parque Tecnol\u00f3gico Pardis para elevar capacidades cient\u00edficas en com\u00fan"},"content":{"rendered":"\n<p><strong>Teher\u00e1n, Rep\u00fablica Isl\u00e1mica de Ir\u00e1n.-<\/strong> El presidente de la Rep\u00fablica Bolivariana de Venezuela, Nicol\u00e1s Maduro, visit\u00f3 el Parque Tecnol\u00f3gico Pardis, ubicado al noroeste de Ir\u00e1n, en funci\u00f3n de elevar las capacidades cient\u00edficas al servicio del desarrollo com\u00fan.<\/p>\n\n\n\n<p>En este recorrido que realiz\u00f3 el jefe de Estado venezolano, este gran complejo de las ciencias del conocimiento pone a disposici\u00f3n sus instalaciones mostrando a la Rep\u00fablica Bolivariana de Venezuela sus potencialidades, sobre la base del Convenio de Cooperaci\u00f3n Integral de Alto Nivel Ir\u00e1n-Venezuela.<\/p>\n\n\n\n<p>El Parque Tecnol\u00f3gico Pardis muestra en su interior una mini ciudad tecnol\u00f3gica desarrollada por la naci\u00f3n hermana, representando as\u00ed los avances en materia del conocimiento.<\/p>\n\n\n\n<p>Este centro alberga 400 empresas tecnol\u00f3gicas que van desde el desarrollo de equipos para hemodi\u00e1lisis, as\u00ed como el desarrollo de equipos para microscopia electr\u00f3nica, medicamentos, nuevas l\u00edneas terap\u00e9uticas hac\u00eda la salud animal, medicamentos para la salud reproductiva que tiene que ver con infertilidad.<\/p>\n\n\n\n<p>Adem\u00e1s, muestra el desarrollo de software, sistemas scada y el desarrollo metalmec\u00e1nico, contando tambi\u00e9n con una l\u00ednea de formaci\u00f3n de talentos y de incubaci\u00f3n de proyectos de la industria de la ciencia.<\/p>\n\n\n\n<p>Actualmente, Ir\u00e1n se erige como el cuarto pa\u00eds en nanotecnolog\u00eda y el Parque Tecnol\u00f3gico Pardis muestra interesantes experiencias concernientes al uso &nbsp;de la tecnolog\u00eda como una herramienta de avance de las ciencias y la estructura nano y las nuevas estructuras.<\/p>\n\n\n\n<p>Este parque tecnol\u00f3gico tambi\u00e9n cuenta con 1400 emprendimientos de base tecnol\u00f3gica y es un gran avance para la ciencia, no solo para Ir\u00e1n, sino para el mundo, a fin de favorecer el bienestar com\u00fan.<\/p>\n\n\n\n<p><strong>Prensa Presidencial\/Ana\u00eds P\u00e9rez\u00a0<\/strong><\/p>\n","protected":false},"excerpt":{"rendered":"<p>Teher\u00e1n, Rep\u00fablica Isl\u00e1mica de Ir\u00e1n.- El presidente de la Rep\u00fablica Bolivariana de Venezuela, Nicol\u00e1s Maduro, visit\u00f3 el Parque Tecnol\u00f3gico Pardis, ubicado al noroeste de Ir\u00e1n, en funci\u00f3n de elevar las capacidades cient\u00edficas al servicio del desarrollo com\u00fan. En este recorrido que realiz\u00f3 el jefe de Estado venezolano, este gran complejo de las ciencias del conocimiento [&hellip;]<\/p>\n","protected":false},"author":6,"featured_media":2382,"comment_status":"open","ping_status":"open","sticky":false,"template":"","format":"standard","meta":{"footnotes":""},"categories":[7],"tags":[],"class_list":["post-2381","post","type-post","status-publish","format-standard","has-post-thumbnail","hentry","category-notas-de-prensa"],"_links":{"self":[{"href":"https:\/\/prensapresidencialvenezuela.gob.ve\/index.php\/wp-json\/wp\/v2\/posts\/2381","targetHints":{"allow":["GET"]}}],"collection":[{"href":"https:\/\/prensapresidencialvenezuela.gob.ve\/index.php\/wp-json\/wp\/v2\/posts"}],"about":[{"href":"https:\/\/prensapresidencialvenezuela.gob.ve\/index.php\/wp-json\/wp\/v2\/types\/post"}],"author":[{"embeddable":true,"href":"https:\/\/prensapresidencialvenezuela.gob.ve\/index.php\/wp-json\/wp\/v2\/users\/6"}],"replies":[{"embeddable":true,"href":"https:\/\/prensapresidencialvenezuela.gob.ve\/index.php\/wp-json\/wp\/v2\/comments?post=2381"}],"version-history":[{"count":1,"href":"https:\/\/prensapresidencialvenezuela.gob.ve\/index.php\/wp-json\/wp\/v2\/posts\/2381\/revisions"}],"predecessor-version":[{"id":2383,"href":"https:\/\/prensapresidencialvenezuela.gob.ve\/index.php\/wp-json\/wp\/v2\/posts\/2381\/revisions\/2383"}],"wp:featuredmedia":[{"embeddable":true,"href":"https:\/\/prensapresidencialvenezuela.gob.ve\/index.php\/wp-json\/wp\/v2\/media\/2382"}],"wp:attachment":[{"href":"https:\/\/prensapresidencialvenezuela.gob.ve\/index.php\/wp-json\/wp\/v2\/media?parent=2381"}],"wp:term":[{"taxonomy":"category","embeddable":true,"href":"https:\/\/prensapresidencialvenezuela.gob.ve\/index.php\/wp-json\/wp\/v2\/categories?post=2381"},{"taxonomy":"post_tag","embeddable":true,"href":"https:\/\/prensapresidencialvenezuela.gob.ve\/index.php\/wp-json\/wp\/v2\/tags?post=2381"}],"curies":[{"name":"wp","href":"https:\/\/api.w.org\/{rel}","templated":true}]}}