{"id":23813,"date":"2025-09-12T13:11:09","date_gmt":"2025-09-12T17:11:09","guid":{"rendered":"https:\/\/prensapresidencialvenezuela.gob.ve\/?p=23813"},"modified":"2025-09-12T13:11:09","modified_gmt":"2025-09-12T17:11:09","slug":"whatsapp-es-el-principal-instrumento-de-espionaje-del-imperialismo-y-del-sionismo-para-matar","status":"publish","type":"post","link":"https:\/\/prensapresidencialvenezuela.gob.ve\/index.php\/2025\/09\/12\/whatsapp-es-el-principal-instrumento-de-espionaje-del-imperialismo-y-del-sionismo-para-matar\/","title":{"rendered":"\u00abWhatsApp es el principal instrumento de espionaje del imperialismo y del sionismo para matar\u00bb"},"content":{"rendered":"\n<p><strong>Teatro Municipal de Caracas, Caracas.-<\/strong> El presidente de la Rep\u00fablica Bolivariana de Venezuela, Nicol\u00e1s Maduro Moros, emiti\u00f3 una contundente advertencia este jueves sobre el uso de la aplicaci\u00f3n de mensajer\u00eda <strong>WhatsApp<\/strong>, a la que calific\u00f3 como el \u00abprincipal instrumento de espionaje del imperialismo y del sionismo para perseguir a los pueblos y para matar\u00bb. La denuncia se produce tras condenar el reciente ataque contra el Emir de Qatar.<\/p>\n\n\n\n<p>En un pronunciamiento cargado de cr\u00edticas, el jefe de Estado afirm\u00f3 que esta aplicaci\u00f3n se ha convertido en una herramienta global para el control de los pueblos, describiendo su accionar como \u00abtraidor y criminal\u00bb. El mandatario expres\u00f3 su solidaridad con el Emir de Qatar, a quien llam\u00f3 \u00abmi hermano, mi clon\u00bb, y con todo el pueblo qatar\u00ed.<\/p>\n\n\n\n<p><strong>Llamado a la soberan\u00eda digital y a la acci\u00f3n<\/strong><\/p>\n\n\n\n<p>El Presidente Maduro hizo un llamado urgente a los pueblos \u00e1rabes y musulmanes a reaccionar \u00abantes de que sea tarde\u00bb ante la amenaza que, seg\u00fan \u00e9l, representan las plataformas digitales. Asegur\u00f3 que el ataque al Emir de Qatar fue coordinado a trav\u00e9s de WhatsApp, una aplicaci\u00f3n que, en sus palabras, permite a los poderes hegem\u00f3nicos \u00abcuadricular todo\u00bb: \u00abSaben toda tu vida, el video lo vieron, el mensaje lo leyeron, las fotos las tienen, la ubicaci\u00f3n la tienen\u2026\u00bb.<\/p>\n\n\n\n<p>En este sentido, el mandatario record\u00f3 que ya hab\u00eda advertido el 28 de agosto del a\u00f1o pasado sobre el uso de esta plataforma como instrumento de espionaje y masacre. Exhort\u00f3 al pueblo venezolano y a todas las naciones del mundo a tomar medidas concretas frente a esta amenaza digital, haciendo un llamado categ\u00f3rico: \u00ab\u00a1Saca de tu vida a WhatsApp y s\u00e9 libre y vive feliz!\u00bb.<\/p>\n\n\n\n<p><strong>Prensa Presidencial\/ Luis Tavera<\/strong><\/p>\n","protected":false},"excerpt":{"rendered":"<p>Teatro Municipal de Caracas, Caracas.- El presidente de la Rep\u00fablica Bolivariana de Venezuela, Nicol\u00e1s Maduro Moros, emiti\u00f3 una contundente advertencia este jueves sobre el uso de la aplicaci\u00f3n de mensajer\u00eda WhatsApp, a la que calific\u00f3 como el \u00abprincipal instrumento de espionaje del imperialismo y del sionismo para perseguir a los pueblos y para matar\u00bb. La [&hellip;]<\/p>\n","protected":false},"author":1,"featured_media":23814,"comment_status":"open","ping_status":"open","sticky":false,"template":"","format":"standard","meta":{"footnotes":""},"categories":[18,7],"tags":[],"class_list":["post-23813","post","type-post","status-publish","format-standard","has-post-thumbnail","hentry","category-noticias-principales","category-notas-de-prensa"],"_links":{"self":[{"href":"https:\/\/prensapresidencialvenezuela.gob.ve\/index.php\/wp-json\/wp\/v2\/posts\/23813","targetHints":{"allow":["GET"]}}],"collection":[{"href":"https:\/\/prensapresidencialvenezuela.gob.ve\/index.php\/wp-json\/wp\/v2\/posts"}],"about":[{"href":"https:\/\/prensapresidencialvenezuela.gob.ve\/index.php\/wp-json\/wp\/v2\/types\/post"}],"author":[{"embeddable":true,"href":"https:\/\/prensapresidencialvenezuela.gob.ve\/index.php\/wp-json\/wp\/v2\/users\/1"}],"replies":[{"embeddable":true,"href":"https:\/\/prensapresidencialvenezuela.gob.ve\/index.php\/wp-json\/wp\/v2\/comments?post=23813"}],"version-history":[{"count":1,"href":"https:\/\/prensapresidencialvenezuela.gob.ve\/index.php\/wp-json\/wp\/v2\/posts\/23813\/revisions"}],"predecessor-version":[{"id":23815,"href":"https:\/\/prensapresidencialvenezuela.gob.ve\/index.php\/wp-json\/wp\/v2\/posts\/23813\/revisions\/23815"}],"wp:featuredmedia":[{"embeddable":true,"href":"https:\/\/prensapresidencialvenezuela.gob.ve\/index.php\/wp-json\/wp\/v2\/media\/23814"}],"wp:attachment":[{"href":"https:\/\/prensapresidencialvenezuela.gob.ve\/index.php\/wp-json\/wp\/v2\/media?parent=23813"}],"wp:term":[{"taxonomy":"category","embeddable":true,"href":"https:\/\/prensapresidencialvenezuela.gob.ve\/index.php\/wp-json\/wp\/v2\/categories?post=23813"},{"taxonomy":"post_tag","embeddable":true,"href":"https:\/\/prensapresidencialvenezuela.gob.ve\/index.php\/wp-json\/wp\/v2\/tags?post=23813"}],"curies":[{"name":"wp","href":"https:\/\/api.w.org\/{rel}","templated":true}]}}