{"id":23819,"date":"2025-09-12T19:04:43","date_gmt":"2025-09-12T23:04:43","guid":{"rendered":"https:\/\/prensapresidencialvenezuela.gob.ve\/?p=23819"},"modified":"2025-09-12T19:04:44","modified_gmt":"2025-09-12T23:04:44","slug":"jpsuv-celebra-su-17-o-aniversario-junto-al-presidente-nicolas-maduro","status":"publish","type":"post","link":"https:\/\/prensapresidencialvenezuela.gob.ve\/index.php\/2025\/09\/12\/jpsuv-celebra-su-17-o-aniversario-junto-al-presidente-nicolas-maduro\/","title":{"rendered":"JPSUV celebra su 17.\u00ba aniversario junto al Presidente Nicol\u00e1s Maduro"},"content":{"rendered":"\n<p><strong>Filas de Mariches, Miranda.-<\/strong> La Juventud del Partido Socialista Unido de Venezuela (JPSUV) conmemora su decimos\u00e9ptimo aniversario, con un acto central en la Escuela Internacional de Liderazgo Juventud Antonio Jos\u00e9 de Sucre. La jornada, que reafirma el compromiso de la organizaci\u00f3n con la formaci\u00f3n y el liderazgo, se lleva a cabo en el sector Filas de Mariches, estado Miranda.<\/p>\n\n\n\n<p>El acto es presidido por el comandante presidente Nicol\u00e1s Maduro Moros, quien acompa\u00f1a a las nuevas generaciones de l\u00edderes revolucionarios. En el encuentro tambi\u00e9n est\u00e1n presentes la primera dama y diputada, Cilia Flores de Maduro; el vicepresidente sectorial del Socialismo Social y Territorial, H\u00e9ctor Rodr\u00edguez; y la diputada Grecia Colmenares, secretaria general de la JPSUV, lo que demuestra el apoyo del alto mando pol\u00edtico a la vanguardia juvenil.<\/p>\n\n\n\n<figure class=\"wp-block-image size-large\"><img fetchpriority=\"high\" decoding=\"async\" width=\"1024\" height=\"684\" src=\"https:\/\/prensapresidencialvenezuela.gob.ve\/wp-content\/uploads\/2025\/09\/photo_5053572174354427611_y-1024x684.jpg\" alt=\"\" class=\"wp-image-23821\" srcset=\"https:\/\/prensapresidencialvenezuela.gob.ve\/wp-content\/uploads\/2025\/09\/photo_5053572174354427611_y-1024x684.jpg 1024w, https:\/\/prensapresidencialvenezuela.gob.ve\/wp-content\/uploads\/2025\/09\/photo_5053572174354427611_y-300x200.jpg 300w, https:\/\/prensapresidencialvenezuela.gob.ve\/wp-content\/uploads\/2025\/09\/photo_5053572174354427611_y-768x513.jpg 768w, https:\/\/prensapresidencialvenezuela.gob.ve\/wp-content\/uploads\/2025\/09\/photo_5053572174354427611_y.jpg 1280w\" sizes=\"(max-width: 1024px) 100vw, 1024px\" \/><\/figure>\n\n\n\n<p>La actividad conmemorativa incluye la graduaci\u00f3n de 3 913 j\u00f3venes de todo el pa\u00eds, como parte del compromiso de la organizaci\u00f3n con la formaci\u00f3n y el liderazgo. Estos j\u00f3venes culminaron sus estudios en seis programas dise\u00f1ados para fortalecer el liderazgo pol\u00edtico y social, impartidos por la Escuela Internacional de Liderazgo de la Juventud Antonio Jos\u00e9 de Sucre.<\/p>\n\n\n\n<p><strong>Entre los programas de formaci\u00f3n que culminan en este acto se destacan:<\/strong><\/p>\n\n\n\n<ul class=\"wp-block-list\">\n<li>Diplomado de Liderazgo en Gesti\u00f3n Comunal<\/li>\n\n\n\n<li>Taller de Liderazgo Estudiantil Universitario<\/li>\n\n\n\n<li>Taller Especial de Promotores Comunales<\/li>\n\n\n\n<li>Taller Especial de Recreadores Comunitarios<\/li>\n\n\n\n<li>Taller Especial de Formadores Lice\u00edstas<\/li>\n\n\n\n<li>Taller de Liderazgo Ind\u00edgena y de Participaci\u00f3n Pol\u00edtica y T\u00e9cnica Electoral<\/li>\n<\/ul>\n\n\n\n<p>En la actividad, fueron entregados los certificados por culminaci\u00f3n de estudios a 28 j\u00f3venes l\u00edderes, que se destacaron en relaci\u00f3n con el resto de sus compa\u00f1eros, en honor a su entrega y voluntad para construir el futuro de la patria.<\/p>\n\n\n\n<p><strong>Prensa Presidencial\/ Iliana Rosales<\/strong><\/p>\n","protected":false},"excerpt":{"rendered":"<p>Filas de Mariches, Miranda.- La Juventud del Partido Socialista Unido de Venezuela (JPSUV) conmemora su decimos\u00e9ptimo aniversario, con un acto central en la Escuela Internacional de Liderazgo Juventud Antonio Jos\u00e9 de Sucre. La jornada, que reafirma el compromiso de la organizaci\u00f3n con la formaci\u00f3n y el liderazgo, se lleva a cabo en el sector Filas [&hellip;]<\/p>\n","protected":false},"author":14,"featured_media":23820,"comment_status":"open","ping_status":"open","sticky":false,"template":"","format":"standard","meta":{"footnotes":""},"categories":[18,7],"tags":[],"class_list":["post-23819","post","type-post","status-publish","format-standard","has-post-thumbnail","hentry","category-noticias-principales","category-notas-de-prensa"],"_links":{"self":[{"href":"https:\/\/prensapresidencialvenezuela.gob.ve\/index.php\/wp-json\/wp\/v2\/posts\/23819","targetHints":{"allow":["GET"]}}],"collection":[{"href":"https:\/\/prensapresidencialvenezuela.gob.ve\/index.php\/wp-json\/wp\/v2\/posts"}],"about":[{"href":"https:\/\/prensapresidencialvenezuela.gob.ve\/index.php\/wp-json\/wp\/v2\/types\/post"}],"author":[{"embeddable":true,"href":"https:\/\/prensapresidencialvenezuela.gob.ve\/index.php\/wp-json\/wp\/v2\/users\/14"}],"replies":[{"embeddable":true,"href":"https:\/\/prensapresidencialvenezuela.gob.ve\/index.php\/wp-json\/wp\/v2\/comments?post=23819"}],"version-history":[{"count":1,"href":"https:\/\/prensapresidencialvenezuela.gob.ve\/index.php\/wp-json\/wp\/v2\/posts\/23819\/revisions"}],"predecessor-version":[{"id":23822,"href":"https:\/\/prensapresidencialvenezuela.gob.ve\/index.php\/wp-json\/wp\/v2\/posts\/23819\/revisions\/23822"}],"wp:featuredmedia":[{"embeddable":true,"href":"https:\/\/prensapresidencialvenezuela.gob.ve\/index.php\/wp-json\/wp\/v2\/media\/23820"}],"wp:attachment":[{"href":"https:\/\/prensapresidencialvenezuela.gob.ve\/index.php\/wp-json\/wp\/v2\/media?parent=23819"}],"wp:term":[{"taxonomy":"category","embeddable":true,"href":"https:\/\/prensapresidencialvenezuela.gob.ve\/index.php\/wp-json\/wp\/v2\/categories?post=23819"},{"taxonomy":"post_tag","embeddable":true,"href":"https:\/\/prensapresidencialvenezuela.gob.ve\/index.php\/wp-json\/wp\/v2\/tags?post=23819"}],"curies":[{"name":"wp","href":"https:\/\/api.w.org\/{rel}","templated":true}]}}