{"id":23823,"date":"2025-09-12T19:31:10","date_gmt":"2025-09-12T23:31:10","guid":{"rendered":"https:\/\/prensapresidencialvenezuela.gob.ve\/?p=23823"},"modified":"2025-09-12T19:31:10","modified_gmt":"2025-09-12T23:31:10","slug":"venezuela-se-consolida-como-epicentro-de-formacion-para-jovenes-del-mundo","status":"publish","type":"post","link":"https:\/\/prensapresidencialvenezuela.gob.ve\/index.php\/2025\/09\/12\/venezuela-se-consolida-como-epicentro-de-formacion-para-jovenes-del-mundo\/","title":{"rendered":"Venezuela se consolida como epicentro de formaci\u00f3n para j\u00f3venes del mundo"},"content":{"rendered":"\n<p><strong>Municipio Sucre, estado Miranda.- <\/strong>Durante la celebraci\u00f3n del17.\u00ba Aniversario de la Juventud del Partido Socialista Unido de Venezuela (JPSUV), el ministro del Poder Popular para la Educaci\u00f3n, H\u00e9ctor Rodr\u00edguez, destac\u00f3 que en la nueva etapa de la Escuela Internacional de Liderazgo Juventud Antonio Jos\u00e9 de Sucre, se tiene la visi\u00f3n de instalar sedes de este centro de formaci\u00f3n en cada uno de los estados, municipios y comunas del pa\u00eds.<\/p>\n\n\n\n<p>Asimismo, destac\u00f3 que en esta escuela no solo se ha formado juventud venezolana, sino la cantidad de 121 estudiantes internacionales, de diferentes naciones, como de \u00c1frica, Asia y Am\u00e9rica Latina.<\/p>\n\n\n\n<p>En la misma l\u00ednea, el ministro Rodr\u00edguez agreg\u00f3 que de los 4 mil estudiantes que hacen vida en esta instituci\u00f3n, 3 792 son estudiantes de 662 parroquias y 1 790 comunas del pa\u00eds; por lo que destac\u00f3, al mismo tiempo, que \u00abno solo es la cantidad, sino la calidad y la presencia territorial que busca esta escuela de liderazgo\u00bb.<\/p>\n\n\n\n<figure class=\"wp-block-image size-large\"><img fetchpriority=\"high\" decoding=\"async\" width=\"911\" height=\"1024\" src=\"https:\/\/prensapresidencialvenezuela.gob.ve\/wp-content\/uploads\/2025\/09\/photo_5053572174354427644_y-911x1024.jpg\" alt=\"\" class=\"wp-image-23825\" srcset=\"https:\/\/prensapresidencialvenezuela.gob.ve\/wp-content\/uploads\/2025\/09\/photo_5053572174354427644_y-911x1024.jpg 911w, https:\/\/prensapresidencialvenezuela.gob.ve\/wp-content\/uploads\/2025\/09\/photo_5053572174354427644_y-267x300.jpg 267w, https:\/\/prensapresidencialvenezuela.gob.ve\/wp-content\/uploads\/2025\/09\/photo_5053572174354427644_y-768x863.jpg 768w, https:\/\/prensapresidencialvenezuela.gob.ve\/wp-content\/uploads\/2025\/09\/photo_5053572174354427644_y.jpg 1139w\" sizes=\"(max-width: 911px) 100vw, 911px\" \/><\/figure>\n\n\n\n<p>En este orden de ideas, el tambi\u00e9n vicepresidente social y territorial, detall\u00f3 el objetivo de algunos de los programas que se encuentran en el plan de estudio:<\/p>\n\n\n\n<ul class=\"wp-block-list\">\n<li><strong>Diplomado de Liderazgo en Gesti\u00f3n Comunal<\/strong>: busca formar a los equipos juveniles de todos los Circuitos Comunales y comunas del pa\u00eds.<\/li>\n\n\n\n<li><strong>Taller de Liderazgo Estudiantil Universitario<\/strong>: que adicional a formar a la juventud de las instituciones universitarias, tambi\u00e9n comparte este espacio con los j\u00f3venes de la Organizaci\u00f3n Bolivariana Estudiantil.<\/li>\n\n\n\n<li><strong>Taller especial de Promotores Comunales:<\/strong> dirigido a la nueva generaci\u00f3n para su desarrollo en la consulta de los Circuitos Comunales.<\/li>\n\n\n\n<li><strong>Taller especial de Recreadores Comunitarios<\/strong>: para la reorganizaci\u00f3n de todo el Movimiento Nacional de Recreadores (MNR) de Venezuela, y as\u00ed garantizar que la pol\u00edtica de recreaci\u00f3n sea permanente, sistem\u00e1tica y territorializada.<\/li>\n\n\n\n<li><strong>Taller de Liderazgo Ind\u00edgena:<\/strong> enfocado en ayudar y a direccionar a la juventud ind\u00edgena del pa\u00eds.<\/li>\n\n\n\n<li><strong>Taller de Participaci\u00f3n Pol\u00edtica y T\u00e9cnica Electoral<\/strong>: con la visi\u00f3n de que la escuela de liderazgo siga siendo el punto de encuentro para la formaci\u00f3n permanente de la juventud socialista de Venezuela.<\/li>\n<\/ul>\n\n\n\n<p>Por tanto, Rodr\u00edguez ha se\u00f1alado que, aunque existen retos y tareas para que todos los j\u00f3venes de los Circuitos Comunales pasen por este centro, se debe consolidar lo instruido por el presidente Nicol\u00e1s Maduro, el impulso de los tanques del pensamiento y el apuntalamiento de los equipos de trabajo por cada una de las 7 Transformaciones de la Patria.<\/p>\n\n\n\n<p>\u00a1Que viva la juventud socialista de Venezuela!, expres\u00f3 el ministro de Educaci\u00f3n.<\/p>\n\n\n\n<p><strong>Prensa Presidencial\/ Irmary D\u00edaz<\/strong><\/p>\n","protected":false},"excerpt":{"rendered":"<p>Municipio Sucre, estado Miranda.- Durante la celebraci\u00f3n del17.\u00ba Aniversario de la Juventud del Partido Socialista Unido de Venezuela (JPSUV), el ministro del Poder Popular para la Educaci\u00f3n, H\u00e9ctor Rodr\u00edguez, destac\u00f3 que en la nueva etapa de la Escuela Internacional de Liderazgo Juventud Antonio Jos\u00e9 de Sucre, se tiene la visi\u00f3n de instalar sedes de este [&hellip;]<\/p>\n","protected":false},"author":1,"featured_media":23824,"comment_status":"open","ping_status":"open","sticky":false,"template":"","format":"standard","meta":{"footnotes":""},"categories":[18,7],"tags":[],"class_list":["post-23823","post","type-post","status-publish","format-standard","has-post-thumbnail","hentry","category-noticias-principales","category-notas-de-prensa"],"_links":{"self":[{"href":"https:\/\/prensapresidencialvenezuela.gob.ve\/index.php\/wp-json\/wp\/v2\/posts\/23823","targetHints":{"allow":["GET"]}}],"collection":[{"href":"https:\/\/prensapresidencialvenezuela.gob.ve\/index.php\/wp-json\/wp\/v2\/posts"}],"about":[{"href":"https:\/\/prensapresidencialvenezuela.gob.ve\/index.php\/wp-json\/wp\/v2\/types\/post"}],"author":[{"embeddable":true,"href":"https:\/\/prensapresidencialvenezuela.gob.ve\/index.php\/wp-json\/wp\/v2\/users\/1"}],"replies":[{"embeddable":true,"href":"https:\/\/prensapresidencialvenezuela.gob.ve\/index.php\/wp-json\/wp\/v2\/comments?post=23823"}],"version-history":[{"count":1,"href":"https:\/\/prensapresidencialvenezuela.gob.ve\/index.php\/wp-json\/wp\/v2\/posts\/23823\/revisions"}],"predecessor-version":[{"id":23826,"href":"https:\/\/prensapresidencialvenezuela.gob.ve\/index.php\/wp-json\/wp\/v2\/posts\/23823\/revisions\/23826"}],"wp:featuredmedia":[{"embeddable":true,"href":"https:\/\/prensapresidencialvenezuela.gob.ve\/index.php\/wp-json\/wp\/v2\/media\/23824"}],"wp:attachment":[{"href":"https:\/\/prensapresidencialvenezuela.gob.ve\/index.php\/wp-json\/wp\/v2\/media?parent=23823"}],"wp:term":[{"taxonomy":"category","embeddable":true,"href":"https:\/\/prensapresidencialvenezuela.gob.ve\/index.php\/wp-json\/wp\/v2\/categories?post=23823"},{"taxonomy":"post_tag","embeddable":true,"href":"https:\/\/prensapresidencialvenezuela.gob.ve\/index.php\/wp-json\/wp\/v2\/tags?post=23823"}],"curies":[{"name":"wp","href":"https:\/\/api.w.org\/{rel}","templated":true}]}}