{"id":23827,"date":"2025-09-12T20:03:35","date_gmt":"2025-09-13T00:03:35","guid":{"rendered":"https:\/\/prensapresidencialvenezuela.gob.ve\/?p=23827"},"modified":"2025-09-12T20:03:36","modified_gmt":"2025-09-13T00:03:36","slug":"juventud-venezolana-asumira-el-desafio-de-formacion-politica-ante-la-guerra-cognitiva","status":"publish","type":"post","link":"https:\/\/prensapresidencialvenezuela.gob.ve\/index.php\/2025\/09\/12\/juventud-venezolana-asumira-el-desafio-de-formacion-politica-ante-la-guerra-cognitiva\/","title":{"rendered":"Juventud venezolana asumir\u00e1 el desaf\u00edo de formaci\u00f3n pol\u00edtica ante la guerra cognitiva"},"content":{"rendered":"\n<p><strong>Filas de Mariches, Miranda.-<\/strong> Un emotivo mensaje de apoyo rotundo brind\u00f3 este viernes el presidente de la Rep\u00fablica Bolivariana de Venezuela, Nicol\u00e1s Maduro Moros, a los j\u00f3venes del pa\u00eds, durante el 17.<sup>o<\/sup> aniversario de la Juventud del Partido Socialista Unido de Venezuela (JPSUV).<\/p>\n\n\n\n<p>Desde Filas de Mariches, acompa\u00f1ado de la Primera Dama, Cilia Flores; del ministro del Poder Popular para la Juventud, Sergio Lotartaro; de la secretaria general de la Juventud del PSUV, Grecia Colmenares Santander; de la vicepresidenta de la Asamblea Nacional, diputada Am\u00e9rica P\u00e9rez; del vicepresidente de organizaci\u00f3n del Partido Socialista Unido de Venezuela (PSUV), Pedro Infante; de la jefa de la Gran Misi\u00f3n Venezuela Joven, G\u00e9nesis Garbett; del diputado Nicol\u00e1s Maduro Guerra; y del jefe de Gobierno de Caracas, Nahum Fern\u00e1ndez; entre otras autoridades, el Mandatario nacional reiter\u00f3 que la juventud venezolana tiene el desaf\u00edo de ir perfeccionando los procesos formativos en lo pol\u00edtico, en lo ideol\u00f3gico y en lo organizativo, para formarse como l\u00edderes y lideresas.<\/p>\n\n\n\n<p>Expres\u00f3, con especial importancia, que hay que darle anticuerpos a la poblaci\u00f3n joven de Venezuela \u00abfrente a la guerra cognitiva, la guerra psicol\u00f3gica, la guerra cultural de todos los d\u00edas, en las redes, para envenenar a la juventud con los venenos de la sociedad occidental del norte\u00bb, dijo para referirse a los episodios de supremacismo, venganza, odio y violencia que se genera desde el imperio del norte.<\/p>\n\n\n\n<p>En este sentido, agreg\u00f3 el jefe de Estado, Nicol\u00e1s Maduro, que en Venezuela \u00abestamos obligados a construir una sociedad de armon\u00eda, desarrollo, prosperidad, paz y felicidad compartida. Una sociedad solidaria, una sociedad de armon\u00eda, desarrollo, prosperidad, paz y felicidad compartida. Una sociedad solidaria, una sociedad socialista en los valores de Cristo, de Bol\u00edvar y de Ch\u00e1vez.<\/p>\n\n\n\n<p>Durante su alocuci\u00f3n, anunci\u00f3 que es momento para la construcci\u00f3n de un poderoso movimiento nacional de la juventud venezolana, que d\u00e9 paso a poderosos movimientos revolucionarios de Venezuela, que cada vez puedan aportar m\u00e1s al Partido Socialista Unido de Venezuela.<\/p>\n\n\n\n<p><strong>Prensa Presidencial\/ Claudia Guerra M\u00e9ndez<\/strong><\/p>\n","protected":false},"excerpt":{"rendered":"<p>Filas de Mariches, Miranda.- Un emotivo mensaje de apoyo rotundo brind\u00f3 este viernes el presidente de la Rep\u00fablica Bolivariana de Venezuela, Nicol\u00e1s Maduro Moros, a los j\u00f3venes del pa\u00eds, durante el 17.o aniversario de la Juventud del Partido Socialista Unido de Venezuela (JPSUV). Desde Filas de Mariches, acompa\u00f1ado de la Primera Dama, Cilia Flores; del [&hellip;]<\/p>\n","protected":false},"author":1,"featured_media":23828,"comment_status":"open","ping_status":"open","sticky":false,"template":"","format":"standard","meta":{"footnotes":""},"categories":[18,7],"tags":[],"class_list":["post-23827","post","type-post","status-publish","format-standard","has-post-thumbnail","hentry","category-noticias-principales","category-notas-de-prensa"],"_links":{"self":[{"href":"https:\/\/prensapresidencialvenezuela.gob.ve\/index.php\/wp-json\/wp\/v2\/posts\/23827","targetHints":{"allow":["GET"]}}],"collection":[{"href":"https:\/\/prensapresidencialvenezuela.gob.ve\/index.php\/wp-json\/wp\/v2\/posts"}],"about":[{"href":"https:\/\/prensapresidencialvenezuela.gob.ve\/index.php\/wp-json\/wp\/v2\/types\/post"}],"author":[{"embeddable":true,"href":"https:\/\/prensapresidencialvenezuela.gob.ve\/index.php\/wp-json\/wp\/v2\/users\/1"}],"replies":[{"embeddable":true,"href":"https:\/\/prensapresidencialvenezuela.gob.ve\/index.php\/wp-json\/wp\/v2\/comments?post=23827"}],"version-history":[{"count":1,"href":"https:\/\/prensapresidencialvenezuela.gob.ve\/index.php\/wp-json\/wp\/v2\/posts\/23827\/revisions"}],"predecessor-version":[{"id":23829,"href":"https:\/\/prensapresidencialvenezuela.gob.ve\/index.php\/wp-json\/wp\/v2\/posts\/23827\/revisions\/23829"}],"wp:featuredmedia":[{"embeddable":true,"href":"https:\/\/prensapresidencialvenezuela.gob.ve\/index.php\/wp-json\/wp\/v2\/media\/23828"}],"wp:attachment":[{"href":"https:\/\/prensapresidencialvenezuela.gob.ve\/index.php\/wp-json\/wp\/v2\/media?parent=23827"}],"wp:term":[{"taxonomy":"category","embeddable":true,"href":"https:\/\/prensapresidencialvenezuela.gob.ve\/index.php\/wp-json\/wp\/v2\/categories?post=23827"},{"taxonomy":"post_tag","embeddable":true,"href":"https:\/\/prensapresidencialvenezuela.gob.ve\/index.php\/wp-json\/wp\/v2\/tags?post=23827"}],"curies":[{"name":"wp","href":"https:\/\/api.w.org\/{rel}","templated":true}]}}