{"id":23833,"date":"2025-09-12T20:38:17","date_gmt":"2025-09-13T00:38:17","guid":{"rendered":"https:\/\/prensapresidencialvenezuela.gob.ve\/?p=23833"},"modified":"2025-09-12T20:40:57","modified_gmt":"2025-09-13T00:40:57","slug":"juventud-es-convocada-a-la-gran-jornada-de-debate-y-accion-en-260-mil-calles-del-pais","status":"publish","type":"post","link":"https:\/\/prensapresidencialvenezuela.gob.ve\/index.php\/2025\/09\/12\/juventud-es-convocada-a-la-gran-jornada-de-debate-y-accion-en-260-mil-calles-del-pais\/","title":{"rendered":"JPSUV convoca a la juventud a Gran Jornada nacional en 260 mil calles del pa\u00eds"},"content":{"rendered":"\n<p><strong>Filas de Mariches, Miranda.- <\/strong>Haciendo una llamado a la juventud al estudio, al trabajo, al emprendimiento, a la cultura, al arte, a la m\u00fasica y a la belleza; el Presidente Nicol\u00e1s Maduro Moros anunci\u00f3 que este fin de semana los equipos de calle de la Juventud del Partido Socialista Unido de Venezuela (JPSUV) abordar\u00e1n 63 mil comunidades, conformadas por 260 mil calles para una gran jornada de debate, de consulta y de plan de acci\u00f3n de las tres tareas priorizadas.<\/p>\n\n\n\n<p>El Mandatario Nacional dio a conocer el d\u00eda de ayer, durante la instalaci\u00f3n de la sesi\u00f3n abierta y permanente del V Congreso del Partido Socialista Unido de Venezuela (PSUV) y del IV Congreso de la Juventud Socialista, que las nuevas tres tareas que se requieren son: Primero, consolidar la capacidad de gobernar resolviendo con el pueblo; segundo, consolidar un nuevo proceso popular constituyente para transformar de manera din\u00e1mica y dial\u00e9ctica todos los movimientos populares, sociales y comunales del pa\u00eds; y, tercera, la preparaci\u00f3n para la defensa integral de la naci\u00f3n, la resistencia activa y prolongada y la ofensiva permanente de la lucha no armada.<\/p>\n\n\n\n<p>Reconoci\u00f3 el trabajo que vienen realizado los j\u00f3venes de Venezuela, especialmente, en las recientes elecciones de los proyectos comunales donde predomina un importante liderazgo de parte de ellos, y ahora los invita a formarse en defensa nacional.<\/p>\n\n\n\n<figure class=\"wp-block-gallery has-nested-images columns-default is-cropped wp-block-gallery-1 is-layout-flex wp-block-gallery-is-layout-flex\">\n<figure class=\"wp-block-image size-large\"><img fetchpriority=\"high\" decoding=\"async\" width=\"1024\" height=\"683\" data-id=\"23836\" src=\"https:\/\/prensapresidencialvenezuela.gob.ve\/wp-content\/uploads\/2025\/09\/36_O__9230_P-1024x683.jpg\" alt=\"\" class=\"wp-image-23836\" srcset=\"https:\/\/prensapresidencialvenezuela.gob.ve\/wp-content\/uploads\/2025\/09\/36_O__9230_P-1024x683.jpg 1024w, https:\/\/prensapresidencialvenezuela.gob.ve\/wp-content\/uploads\/2025\/09\/36_O__9230_P-300x200.jpg 300w, https:\/\/prensapresidencialvenezuela.gob.ve\/wp-content\/uploads\/2025\/09\/36_O__9230_P-768x512.jpg 768w, https:\/\/prensapresidencialvenezuela.gob.ve\/wp-content\/uploads\/2025\/09\/36_O__9230_P-1536x1024.jpg 1536w, https:\/\/prensapresidencialvenezuela.gob.ve\/wp-content\/uploads\/2025\/09\/36_O__9230_P-2048x1365.jpg 2048w\" sizes=\"(max-width: 1024px) 100vw, 1024px\" \/><\/figure>\n\n\n\n<figure class=\"wp-block-image size-large\"><img decoding=\"async\" width=\"1024\" height=\"683\" data-id=\"23837\" src=\"https:\/\/prensapresidencialvenezuela.gob.ve\/wp-content\/uploads\/2025\/09\/15_O__9041_P-1024x683.jpg\" alt=\"\" class=\"wp-image-23837\" srcset=\"https:\/\/prensapresidencialvenezuela.gob.ve\/wp-content\/uploads\/2025\/09\/15_O__9041_P-1024x683.jpg 1024w, https:\/\/prensapresidencialvenezuela.gob.ve\/wp-content\/uploads\/2025\/09\/15_O__9041_P-300x200.jpg 300w, https:\/\/prensapresidencialvenezuela.gob.ve\/wp-content\/uploads\/2025\/09\/15_O__9041_P-768x512.jpg 768w, https:\/\/prensapresidencialvenezuela.gob.ve\/wp-content\/uploads\/2025\/09\/15_O__9041_P-1536x1024.jpg 1536w, https:\/\/prensapresidencialvenezuela.gob.ve\/wp-content\/uploads\/2025\/09\/15_O__9041_P-2048x1365.jpg 2048w\" sizes=\"(max-width: 1024px) 100vw, 1024px\" \/><\/figure>\n\n\n\n<figure class=\"wp-block-image size-large\"><img decoding=\"async\" width=\"1024\" height=\"683\" data-id=\"23835\" src=\"https:\/\/prensapresidencialvenezuela.gob.ve\/wp-content\/uploads\/2025\/09\/13_O__9019_P-1024x683.jpg\" alt=\"\" class=\"wp-image-23835\" srcset=\"https:\/\/prensapresidencialvenezuela.gob.ve\/wp-content\/uploads\/2025\/09\/13_O__9019_P-1024x683.jpg 1024w, https:\/\/prensapresidencialvenezuela.gob.ve\/wp-content\/uploads\/2025\/09\/13_O__9019_P-300x200.jpg 300w, https:\/\/prensapresidencialvenezuela.gob.ve\/wp-content\/uploads\/2025\/09\/13_O__9019_P-768x512.jpg 768w, https:\/\/prensapresidencialvenezuela.gob.ve\/wp-content\/uploads\/2025\/09\/13_O__9019_P-1536x1024.jpg 1536w, https:\/\/prensapresidencialvenezuela.gob.ve\/wp-content\/uploads\/2025\/09\/13_O__9019_P-2048x1365.jpg 2048w\" sizes=\"(max-width: 1024px) 100vw, 1024px\" \/><\/figure>\n<\/figure>\n\n\n\n<p>\u00abNosotros no buscamos a la juventud para sembrarle odio, para sembrarle violencia, para sembrarle intolerancia, si uno tiene un liderazgo como Presidente, uno tiene que llamar a la juventud a unirse, a tolerarse, a amarse, a juntarse por encima de las dificultades y la diversidad\u00bb, explic\u00f3 el Jefe de Estado para motivar a los representantes de la Juventud del Partido Socialista Unido de Venezuela (JPSUV).<\/p>\n\n\n\n<p>Entre otras responsabilidades, el Presidente Nicol\u00e1s Maduro pidi\u00f3 consolidar la nueva fuerza magisterial de maestros, en el que se visibilice un poder popular organizado y superior al que se tiene.<\/p>\n\n\n\n<p><strong>Siempre preparados ante un posible combate<\/strong><\/p>\n\n\n\n<p>El Jefe de Estado venezolano asegur\u00f3 que Venezuela es un pa\u00eds que no se mete con nadie, \u00abnosotros no amenazamos a nadie, pero el que se meta con Venezuela nos encontrar\u00e1. Paz, paz, paz, es la consigna\u00bb, refiri\u00f3 ante las constantes amenazas del imperio norteamericano.<\/p>\n\n\n\n<p>Exhort\u00f3 a la juventud defender la paz y a garantizarla en todo el territorio nacional. En este sentido, realiz\u00f3 la convocatoria nacional, \u00abMa\u00f1ana, s\u00e1bado 13 (de septiembre), el pueblo, los comuneros, los milicianos, los reservistas, las personas que se alistaron y la juventud, a los cuarteles. Vamos a los cuarteles, 312 unidades militares en todo el pa\u00eds. V\u00e9ngase para ac\u00e1 los muchachos, las muchachas\u00bb, fue la invitaci\u00f3n que hizo el Presidente Nicol\u00e1s Maduro para darle continuidad a las jornadas de formaci\u00f3n en defensa nacional.<\/p>\n\n\n\n<p>Como cierre de la actividad, el Mandatario Nacional, Nicol\u00e1s Maduro, recibi\u00f3 un presente de siete banderines representativos de los pelotones integrantes del curso M\u00e9todo T\u00e1ctico de Resistencia Revolucionaria, a prop\u00f3sito de los 17 a\u00f1os de la fundaci\u00f3n de la Juventud del Partido Socialista Unido de Venezuela (JPSUV).<\/p>\n\n\n\n<p><strong>Prensa Presidencial\/Claudia Guerra M\u00e9ndez<\/strong><\/p>\n","protected":false},"excerpt":{"rendered":"<p>Filas de Mariches, Miranda.- Haciendo una llamado a la juventud al estudio, al trabajo, al emprendimiento, a la cultura, al arte, a la m\u00fasica y a la belleza; el Presidente Nicol\u00e1s Maduro Moros anunci\u00f3 que este fin de semana los equipos de calle de la Juventud del Partido Socialista Unido de Venezuela (JPSUV) abordar\u00e1n 63 [&hellip;]<\/p>\n","protected":false},"author":1,"featured_media":23834,"comment_status":"open","ping_status":"open","sticky":false,"template":"","format":"standard","meta":{"footnotes":""},"categories":[18,7],"tags":[],"class_list":["post-23833","post","type-post","status-publish","format-standard","has-post-thumbnail","hentry","category-noticias-principales","category-notas-de-prensa"],"_links":{"self":[{"href":"https:\/\/prensapresidencialvenezuela.gob.ve\/index.php\/wp-json\/wp\/v2\/posts\/23833","targetHints":{"allow":["GET"]}}],"collection":[{"href":"https:\/\/prensapresidencialvenezuela.gob.ve\/index.php\/wp-json\/wp\/v2\/posts"}],"about":[{"href":"https:\/\/prensapresidencialvenezuela.gob.ve\/index.php\/wp-json\/wp\/v2\/types\/post"}],"author":[{"embeddable":true,"href":"https:\/\/prensapresidencialvenezuela.gob.ve\/index.php\/wp-json\/wp\/v2\/users\/1"}],"replies":[{"embeddable":true,"href":"https:\/\/prensapresidencialvenezuela.gob.ve\/index.php\/wp-json\/wp\/v2\/comments?post=23833"}],"version-history":[{"count":2,"href":"https:\/\/prensapresidencialvenezuela.gob.ve\/index.php\/wp-json\/wp\/v2\/posts\/23833\/revisions"}],"predecessor-version":[{"id":23839,"href":"https:\/\/prensapresidencialvenezuela.gob.ve\/index.php\/wp-json\/wp\/v2\/posts\/23833\/revisions\/23839"}],"wp:featuredmedia":[{"embeddable":true,"href":"https:\/\/prensapresidencialvenezuela.gob.ve\/index.php\/wp-json\/wp\/v2\/media\/23834"}],"wp:attachment":[{"href":"https:\/\/prensapresidencialvenezuela.gob.ve\/index.php\/wp-json\/wp\/v2\/media?parent=23833"}],"wp:term":[{"taxonomy":"category","embeddable":true,"href":"https:\/\/prensapresidencialvenezuela.gob.ve\/index.php\/wp-json\/wp\/v2\/categories?post=23833"},{"taxonomy":"post_tag","embeddable":true,"href":"https:\/\/prensapresidencialvenezuela.gob.ve\/index.php\/wp-json\/wp\/v2\/tags?post=23833"}],"curies":[{"name":"wp","href":"https:\/\/api.w.org\/{rel}","templated":true}]}}