{"id":23840,"date":"2025-09-13T15:03:50","date_gmt":"2025-09-13T19:03:50","guid":{"rendered":"https:\/\/prensapresidencialvenezuela.gob.ve\/?p=23840"},"modified":"2025-09-13T15:03:51","modified_gmt":"2025-09-13T19:03:51","slug":"brigada-de-la-guardia-de-honor-presidencial-activa-jornada-de-adiestramiento-militar","status":"publish","type":"post","link":"https:\/\/prensapresidencialvenezuela.gob.ve\/index.php\/2025\/09\/13\/brigada-de-la-guardia-de-honor-presidencial-activa-jornada-de-adiestramiento-militar\/","title":{"rendered":"Brigada de la Guardia de Honor Presidencial activa jornada de adiestramiento militar"},"content":{"rendered":"\n<p><strong>Caracas, Venezuela \u2013<\/strong> Como parte del Plan el Pueblo va a los Cuarteles, los Cuerpos Combatientes del pa\u00eds y la Milicia Nacional Bolivariana participan este s\u00e1bado de una jornada de adiestramiento e instrucci\u00f3n en la<strong> Brigada de la Guardia de Honor Presidencial (BGHP),<\/strong> actividad convocada por el Presidente de la Rep\u00fablica Bolivariana de Venezuela, Nicol\u00e1s Maduro.<\/p>\n\n\n\n<p>Esta iniciativa tiene como objetivo fortalecer la cohesi\u00f3n y la capacidad de combate de los hombres y mujeres que se proponen defender la soberan\u00eda y la paz nacional. Durante la jornada, los participantes recorren un circuito de entrenamiento de diez estaciones:<\/p>\n\n\n\n<figure class=\"wp-block-image size-large\"><img fetchpriority=\"high\" decoding=\"async\" width=\"1024\" height=\"687\" src=\"https:\/\/prensapresidencialvenezuela.gob.ve\/wp-content\/uploads\/2025\/09\/04EG__4546_P-1024x687.jpg\" alt=\"\" class=\"wp-image-23842\" srcset=\"https:\/\/prensapresidencialvenezuela.gob.ve\/wp-content\/uploads\/2025\/09\/04EG__4546_P-1024x687.jpg 1024w, https:\/\/prensapresidencialvenezuela.gob.ve\/wp-content\/uploads\/2025\/09\/04EG__4546_P-300x201.jpg 300w, https:\/\/prensapresidencialvenezuela.gob.ve\/wp-content\/uploads\/2025\/09\/04EG__4546_P-768x515.jpg 768w, https:\/\/prensapresidencialvenezuela.gob.ve\/wp-content\/uploads\/2025\/09\/04EG__4546_P-1536x1030.jpg 1536w, https:\/\/prensapresidencialvenezuela.gob.ve\/wp-content\/uploads\/2025\/09\/04EG__4546_P-2048x1374.jpg 2048w\" sizes=\"(max-width: 1024px) 100vw, 1024px\" \/><\/figure>\n\n\n\n<p>&#8211;<strong>Estaci\u00f3n de registro del control de asistencia:<\/strong> Los convocados reportan su presencia en la convocatoria.<\/p>\n\n\n\n<p>&#8211;<strong>Estaci\u00f3n de Triaje de Medicina General:<\/strong> Para la revisi\u00f3n de los datos de salud de los alistados.<\/p>\n\n\n\n<p>&#8211;<strong>Estaci\u00f3n de formacion patri\u00f3tica: <\/strong>Aqu\u00ed se ense\u00f1a el Plan Nacional de Soberan\u00eda y Paz Sim\u00f3n Bol\u00edvar.<\/p>\n\n\n\n<p>&#8211;<strong>Estaci\u00f3n de armas colectivas:<\/strong> Donde conocen el armamento de mayor potencia.<\/p>\n\n\n\n<p>&#8211;<strong>Punto de la direcci\u00f3n de comunicaciones militares:<\/strong> Aqu\u00ed se instruyen en el empleo de material que se utiliza en cada actividad de seguridad en comunicaciones e info-comunicaciones. Esto incluye respaldo, uso y complemento de las operaciones de los ejercicios militares.<\/p>\n\n\n\n<p><br>&#8211;<strong>Estaci\u00f3n de armas ligeras:<\/strong> Aqu\u00ed se les\u00a0 ense\u00f1a el uso de pistola y fusil.<\/p>\n\n\n\n<p>&#8211;<strong>Estaci\u00f3n de veh\u00edculos blindados:<\/strong> Es la escuela de piezas de los veh\u00edculos y del embarque y desembarque de personal en tanques que tienen la capacidad de trasladar hasta 8 personas.<\/p>\n\n\n\n<p>&#8211;<strong>Punto de la Triangulaci\u00f3n con el fusil AKM:<\/strong> Aqu\u00ed aprenden el uso de los aparatos de punter\u00eda con la alineaci\u00f3n al blanco.<\/p>\n\n\n\n<p>&#8211;<strong>Clase de armas especiales:<\/strong> En este punto&nbsp; se instruyen en armas usadas por las fuerzas especiales.<\/p>\n\n\n\n<p><strong>-Cancha de encaramiento y posiciones de tiro:<\/strong> En este los participantes aprenden las posiciones de tiro de combate y c\u00f3mo apuntar.<\/p>\n\n\n\n<p>La actividad forma parte de un esfuerzo nacional que contempla la activaci\u00f3n de 312 cuarteles y unidades militares en todo el territorio para este adiestramiento.<br><br><\/p>\n\n\n\n<p><strong>Prensa Presidencial\/ Iliana Rosales<\/strong><\/p>\n","protected":false},"excerpt":{"rendered":"<p>Caracas, Venezuela \u2013 Como parte del Plan el Pueblo va a los Cuarteles, los Cuerpos Combatientes del pa\u00eds y la Milicia Nacional Bolivariana participan este s\u00e1bado de una jornada de adiestramiento e instrucci\u00f3n en la Brigada de la Guardia de Honor Presidencial (BGHP), actividad convocada por el Presidente de la Rep\u00fablica Bolivariana de Venezuela, Nicol\u00e1s [&hellip;]<\/p>\n","protected":false},"author":1,"featured_media":23841,"comment_status":"open","ping_status":"open","sticky":false,"template":"","format":"standard","meta":{"footnotes":""},"categories":[18,7],"tags":[],"class_list":["post-23840","post","type-post","status-publish","format-standard","has-post-thumbnail","hentry","category-noticias-principales","category-notas-de-prensa"],"_links":{"self":[{"href":"https:\/\/prensapresidencialvenezuela.gob.ve\/index.php\/wp-json\/wp\/v2\/posts\/23840","targetHints":{"allow":["GET"]}}],"collection":[{"href":"https:\/\/prensapresidencialvenezuela.gob.ve\/index.php\/wp-json\/wp\/v2\/posts"}],"about":[{"href":"https:\/\/prensapresidencialvenezuela.gob.ve\/index.php\/wp-json\/wp\/v2\/types\/post"}],"author":[{"embeddable":true,"href":"https:\/\/prensapresidencialvenezuela.gob.ve\/index.php\/wp-json\/wp\/v2\/users\/1"}],"replies":[{"embeddable":true,"href":"https:\/\/prensapresidencialvenezuela.gob.ve\/index.php\/wp-json\/wp\/v2\/comments?post=23840"}],"version-history":[{"count":1,"href":"https:\/\/prensapresidencialvenezuela.gob.ve\/index.php\/wp-json\/wp\/v2\/posts\/23840\/revisions"}],"predecessor-version":[{"id":23843,"href":"https:\/\/prensapresidencialvenezuela.gob.ve\/index.php\/wp-json\/wp\/v2\/posts\/23840\/revisions\/23843"}],"wp:featuredmedia":[{"embeddable":true,"href":"https:\/\/prensapresidencialvenezuela.gob.ve\/index.php\/wp-json\/wp\/v2\/media\/23841"}],"wp:attachment":[{"href":"https:\/\/prensapresidencialvenezuela.gob.ve\/index.php\/wp-json\/wp\/v2\/media?parent=23840"}],"wp:term":[{"taxonomy":"category","embeddable":true,"href":"https:\/\/prensapresidencialvenezuela.gob.ve\/index.php\/wp-json\/wp\/v2\/categories?post=23840"},{"taxonomy":"post_tag","embeddable":true,"href":"https:\/\/prensapresidencialvenezuela.gob.ve\/index.php\/wp-json\/wp\/v2\/tags?post=23840"}],"curies":[{"name":"wp","href":"https:\/\/api.w.org\/{rel}","templated":true}]}}