{"id":23844,"date":"2025-09-13T15:24:39","date_gmt":"2025-09-13T19:24:39","guid":{"rendered":"https:\/\/prensapresidencialvenezuela.gob.ve\/?p=23844"},"modified":"2025-09-13T15:55:42","modified_gmt":"2025-09-13T19:55:42","slug":"trabajadores-refuerzan-la-conciencia-antiimperialista-con-adiestramiento-militar-en-bghp","status":"publish","type":"post","link":"https:\/\/prensapresidencialvenezuela.gob.ve\/index.php\/2025\/09\/13\/trabajadores-refuerzan-la-conciencia-antiimperialista-con-adiestramiento-militar-en-bghp\/","title":{"rendered":"Trabajadores refuerzan la conciencia antiimperialista con adiestramiento militar en BGHP"},"content":{"rendered":"\n<p><strong>Caracas, Venezuela.<\/strong>&#8211; Trabajadores del Ministerio del Poder Popular del Despacho de la Presidencia y Seguimiento de la Gesti\u00f3n de Gobierno, a cargo del vicealmirante An\u00edbal Coronado, participaron este s\u00e1bado en el ciclo de adiestramiento militar del Plan El Pueblo Va a los Cuarteles, reafirmando su compromiso con la defensa de la soberan\u00eda nacional.<\/p>\n\n\n\n<p>Desde la jornada, que tuvo lugar en el Patio de Honor de la Brigada de Guardia de Honor Presidencial, Iky Torres, trabajadora de la mencionada cartera, describi\u00f3 el adiestramiento como una formaci\u00f3n superior y subray\u00f3 la importancia de la uni\u00f3n ciudadana. \u00abAnte el enemigo extraordinario, hay que lograr una uni\u00f3n perfecta entre los ciudadanos\u00bb, afirm\u00f3, destacando: \u00abLa semilla que nos sembr\u00f3 Ch\u00e1vez, es la conciencia patri\u00f3tica y revolucionaria\u00bb.<\/p>\n\n\n\n<figure class=\"wp-block-image size-large\"><img fetchpriority=\"high\" decoding=\"async\" width=\"1024\" height=\"683\" src=\"https:\/\/prensapresidencialvenezuela.gob.ve\/wp-content\/uploads\/2025\/09\/photo_5055705325696561320_y-1024x683.jpg\" alt=\"\" class=\"wp-image-23846\" srcset=\"https:\/\/prensapresidencialvenezuela.gob.ve\/wp-content\/uploads\/2025\/09\/photo_5055705325696561320_y-1024x683.jpg 1024w, https:\/\/prensapresidencialvenezuela.gob.ve\/wp-content\/uploads\/2025\/09\/photo_5055705325696561320_y-300x200.jpg 300w, https:\/\/prensapresidencialvenezuela.gob.ve\/wp-content\/uploads\/2025\/09\/photo_5055705325696561320_y-768x512.jpg 768w, https:\/\/prensapresidencialvenezuela.gob.ve\/wp-content\/uploads\/2025\/09\/photo_5055705325696561320_y.jpg 1280w\" sizes=\"(max-width: 1024px) 100vw, 1024px\" \/><\/figure>\n\n\n\n<p>Por su parte, Alberto Tovar, tambi\u00e9n trabajador de la misma instituci\u00f3n, hizo un llamado a la unidad y la defensa de los recursos del pa\u00eds. \u00abAqu\u00ed estamos para combatir al enemigo que quiera atentar contra el pa\u00eds\u00bb, se\u00f1al\u00f3 Tovar, quien tambi\u00e9n destac\u00f3 el papel de la mujer en el movimiento. \u00abLas mujeres al poder, siempre, con el feminismo. Nos preparamos para la guerra\u00bb, enfatiz\u00f3.<\/p>\n\n\n\n<p>Tovar agradeci\u00f3 al presidente Nicol\u00e1s Maduro por la oportunidad de formaci\u00f3n y envi\u00f3 un mensaje al imperio: \u00abLes hago un llamado, <em>\u00a1gringo go home!<\/em>, no vamos a regalar nuestras riquezas. Vean hacia atr\u00e1s en la historia, somos un pueblo de libertadores y la patria se crece\u00bb, concluy\u00f3.<\/p>\n\n\n\n<p><br>Los trabajadores visitaron diversas estaciones de entrenamiento, que incluyeron instrucci\u00f3n en el uso de armas y manejo de veh\u00edculos blindados.<\/p>\n\n\n\n<p><strong>Prensa Presidencial \/ Iliana Rosales<\/strong><\/p>\n","protected":false},"excerpt":{"rendered":"<p>Caracas, Venezuela.&#8211; Trabajadores del Ministerio del Poder Popular del Despacho de la Presidencia y Seguimiento de la Gesti\u00f3n de Gobierno, a cargo del vicealmirante An\u00edbal Coronado, participaron este s\u00e1bado en el ciclo de adiestramiento militar del Plan El Pueblo Va a los Cuarteles, reafirmando su compromiso con la defensa de la soberan\u00eda nacional. Desde la [&hellip;]<\/p>\n","protected":false},"author":1,"featured_media":23849,"comment_status":"open","ping_status":"open","sticky":false,"template":"","format":"standard","meta":{"footnotes":""},"categories":[18,7],"tags":[],"class_list":["post-23844","post","type-post","status-publish","format-standard","has-post-thumbnail","hentry","category-noticias-principales","category-notas-de-prensa"],"_links":{"self":[{"href":"https:\/\/prensapresidencialvenezuela.gob.ve\/index.php\/wp-json\/wp\/v2\/posts\/23844","targetHints":{"allow":["GET"]}}],"collection":[{"href":"https:\/\/prensapresidencialvenezuela.gob.ve\/index.php\/wp-json\/wp\/v2\/posts"}],"about":[{"href":"https:\/\/prensapresidencialvenezuela.gob.ve\/index.php\/wp-json\/wp\/v2\/types\/post"}],"author":[{"embeddable":true,"href":"https:\/\/prensapresidencialvenezuela.gob.ve\/index.php\/wp-json\/wp\/v2\/users\/1"}],"replies":[{"embeddable":true,"href":"https:\/\/prensapresidencialvenezuela.gob.ve\/index.php\/wp-json\/wp\/v2\/comments?post=23844"}],"version-history":[{"count":1,"href":"https:\/\/prensapresidencialvenezuela.gob.ve\/index.php\/wp-json\/wp\/v2\/posts\/23844\/revisions"}],"predecessor-version":[{"id":23847,"href":"https:\/\/prensapresidencialvenezuela.gob.ve\/index.php\/wp-json\/wp\/v2\/posts\/23844\/revisions\/23847"}],"wp:featuredmedia":[{"embeddable":true,"href":"https:\/\/prensapresidencialvenezuela.gob.ve\/index.php\/wp-json\/wp\/v2\/media\/23849"}],"wp:attachment":[{"href":"https:\/\/prensapresidencialvenezuela.gob.ve\/index.php\/wp-json\/wp\/v2\/media?parent=23844"}],"wp:term":[{"taxonomy":"category","embeddable":true,"href":"https:\/\/prensapresidencialvenezuela.gob.ve\/index.php\/wp-json\/wp\/v2\/categories?post=23844"},{"taxonomy":"post_tag","embeddable":true,"href":"https:\/\/prensapresidencialvenezuela.gob.ve\/index.php\/wp-json\/wp\/v2\/tags?post=23844"}],"curies":[{"name":"wp","href":"https:\/\/api.w.org\/{rel}","templated":true}]}}