{"id":23851,"date":"2025-09-13T17:29:51","date_gmt":"2025-09-13T21:29:51","guid":{"rendered":"https:\/\/prensapresidencialvenezuela.gob.ve\/?p=23851"},"modified":"2025-09-13T17:29:51","modified_gmt":"2025-09-13T21:29:51","slug":"despacho-de-la-presidencia-se-prepara-para-defender-la-soberania-ante-amenazas-de-ee-uu","status":"publish","type":"post","link":"https:\/\/prensapresidencialvenezuela.gob.ve\/index.php\/2025\/09\/13\/despacho-de-la-presidencia-se-prepara-para-defender-la-soberania-ante-amenazas-de-ee-uu\/","title":{"rendered":"Despacho de la Presidencia se prepara para defender la soberan\u00eda ante amenazas de EE. UU."},"content":{"rendered":"\n<p><strong>Caracas, Venezuela.-<\/strong> El Ministro del Poder Popular del Despacho de la Presidencia y Seguimiento de la Gesti\u00f3n de Gobierno, vicealmirante An\u00edbal Coronado, junto a sus trabajadores particip\u00f3 este s\u00e1bado de la jornada nacional de adiestramiento militar, convocada por el presidente de la Rep\u00fablica Bolivariana de Venezuela, Nicol\u00e1s Maduro, con la finalidad de proteger la soberan\u00eda, promover la paz y rechazar las amenazas del gobierno de los Estados Unidos (EE.UU.)<\/p>\n\n\n\n<p>La jornada, realizada en la Brigada de la Guardia de Honor Presidencial (BGHP) y denominada \u00abPlan El Pueblo va a los Cuarteles\u00bb, tiene por objetivo impulsar la uni\u00f3n c\u00edvico- militar del pa\u00eds, &nbsp;ya que unifica la fuerza de los Cuerpos Combatientes y a la Milicia Nacional Bolivariana en acciones de instrucci\u00f3n defensiva.<\/p>\n\n\n\n<figure class=\"wp-block-gallery has-nested-images columns-default is-cropped wp-block-gallery-1 is-layout-flex wp-block-gallery-is-layout-flex\">\n<figure class=\"wp-block-image size-large\"><img fetchpriority=\"high\" decoding=\"async\" width=\"1024\" height=\"866\" data-id=\"23854\" src=\"https:\/\/prensapresidencialvenezuela.gob.ve\/wp-content\/uploads\/2025\/09\/03EG__6902_P-1024x866.jpg\" alt=\"\" class=\"wp-image-23854\" srcset=\"https:\/\/prensapresidencialvenezuela.gob.ve\/wp-content\/uploads\/2025\/09\/03EG__6902_P-1024x866.jpg 1024w, https:\/\/prensapresidencialvenezuela.gob.ve\/wp-content\/uploads\/2025\/09\/03EG__6902_P-300x254.jpg 300w, https:\/\/prensapresidencialvenezuela.gob.ve\/wp-content\/uploads\/2025\/09\/03EG__6902_P-768x650.jpg 768w, https:\/\/prensapresidencialvenezuela.gob.ve\/wp-content\/uploads\/2025\/09\/03EG__6902_P-1536x1299.jpg 1536w, https:\/\/prensapresidencialvenezuela.gob.ve\/wp-content\/uploads\/2025\/09\/03EG__6902_P-2048x1733.jpg 2048w\" sizes=\"(max-width: 1024px) 100vw, 1024px\" \/><\/figure>\n\n\n\n<figure class=\"wp-block-image size-large\"><img decoding=\"async\" width=\"1024\" height=\"683\" data-id=\"23853\" src=\"https:\/\/prensapresidencialvenezuela.gob.ve\/wp-content\/uploads\/2025\/09\/04WO_L9917_P-1024x683.jpg\" alt=\"\" class=\"wp-image-23853\" srcset=\"https:\/\/prensapresidencialvenezuela.gob.ve\/wp-content\/uploads\/2025\/09\/04WO_L9917_P-1024x683.jpg 1024w, https:\/\/prensapresidencialvenezuela.gob.ve\/wp-content\/uploads\/2025\/09\/04WO_L9917_P-300x200.jpg 300w, https:\/\/prensapresidencialvenezuela.gob.ve\/wp-content\/uploads\/2025\/09\/04WO_L9917_P-768x512.jpg 768w, https:\/\/prensapresidencialvenezuela.gob.ve\/wp-content\/uploads\/2025\/09\/04WO_L9917_P-1536x1024.jpg 1536w, https:\/\/prensapresidencialvenezuela.gob.ve\/wp-content\/uploads\/2025\/09\/04WO_L9917_P-2048x1366.jpg 2048w\" sizes=\"(max-width: 1024px) 100vw, 1024px\" \/><\/figure>\n\n\n\n<figure class=\"wp-block-image size-large\"><img decoding=\"async\" width=\"1024\" height=\"683\" data-id=\"23855\" src=\"https:\/\/prensapresidencialvenezuela.gob.ve\/wp-content\/uploads\/2025\/09\/07WO_L9953_P-1024x683.jpg\" alt=\"\" class=\"wp-image-23855\" srcset=\"https:\/\/prensapresidencialvenezuela.gob.ve\/wp-content\/uploads\/2025\/09\/07WO_L9953_P-1024x683.jpg 1024w, https:\/\/prensapresidencialvenezuela.gob.ve\/wp-content\/uploads\/2025\/09\/07WO_L9953_P-300x200.jpg 300w, https:\/\/prensapresidencialvenezuela.gob.ve\/wp-content\/uploads\/2025\/09\/07WO_L9953_P-768x512.jpg 768w, https:\/\/prensapresidencialvenezuela.gob.ve\/wp-content\/uploads\/2025\/09\/07WO_L9953_P-1536x1024.jpg 1536w, https:\/\/prensapresidencialvenezuela.gob.ve\/wp-content\/uploads\/2025\/09\/07WO_L9953_P-2048x1366.jpg 2048w\" sizes=\"(max-width: 1024px) 100vw, 1024px\" \/><\/figure>\n<\/figure>\n\n\n\n<p>El ministro Coronado extendi\u00f3 una invitaci\u00f3n al pueblo venezolano a unirse a esta causa en respaldo del jefe de Estado venezolano. \u00abAqu\u00ed nos encontramos junto a nuestro Cuerpo Combatiente del Despacho de la Presidencia, recibiendo instrucciones sobre manejo de armamento, posiciones de tiro [&#8230;] prepar\u00e1ndonos para cualquier combate que se nos pueda presentar\u00bb, detall\u00f3 el vicealmirante Coronado.<\/p>\n\n\n\n<p>Tambi\u00e9n destac\u00f3 la importancia de la participaci\u00f3n ciudadana en la defensa de los valores patrios y la soberan\u00eda, para luego agradecer a la BGHP por abrir sus puertas a los trabajadores del Complejo Miraflores para que pudieran realizar estos ejercicios y adquirir conocimientos militares.<br><br><strong>Prensa Presidencial \/ Iliana Rosales<\/strong><\/p>\n\n\n\n<p><\/p>\n","protected":false},"excerpt":{"rendered":"<p>Caracas, Venezuela.- El Ministro del Poder Popular del Despacho de la Presidencia y Seguimiento de la Gesti\u00f3n de Gobierno, vicealmirante An\u00edbal Coronado, junto a sus trabajadores particip\u00f3 este s\u00e1bado de la jornada nacional de adiestramiento militar, convocada por el presidente de la Rep\u00fablica Bolivariana de Venezuela, Nicol\u00e1s Maduro, con la finalidad de proteger la soberan\u00eda, [&hellip;]<\/p>\n","protected":false},"author":1,"featured_media":23852,"comment_status":"open","ping_status":"open","sticky":false,"template":"","format":"standard","meta":{"footnotes":""},"categories":[18,7],"tags":[],"class_list":["post-23851","post","type-post","status-publish","format-standard","has-post-thumbnail","hentry","category-noticias-principales","category-notas-de-prensa"],"_links":{"self":[{"href":"https:\/\/prensapresidencialvenezuela.gob.ve\/index.php\/wp-json\/wp\/v2\/posts\/23851","targetHints":{"allow":["GET"]}}],"collection":[{"href":"https:\/\/prensapresidencialvenezuela.gob.ve\/index.php\/wp-json\/wp\/v2\/posts"}],"about":[{"href":"https:\/\/prensapresidencialvenezuela.gob.ve\/index.php\/wp-json\/wp\/v2\/types\/post"}],"author":[{"embeddable":true,"href":"https:\/\/prensapresidencialvenezuela.gob.ve\/index.php\/wp-json\/wp\/v2\/users\/1"}],"replies":[{"embeddable":true,"href":"https:\/\/prensapresidencialvenezuela.gob.ve\/index.php\/wp-json\/wp\/v2\/comments?post=23851"}],"version-history":[{"count":1,"href":"https:\/\/prensapresidencialvenezuela.gob.ve\/index.php\/wp-json\/wp\/v2\/posts\/23851\/revisions"}],"predecessor-version":[{"id":23856,"href":"https:\/\/prensapresidencialvenezuela.gob.ve\/index.php\/wp-json\/wp\/v2\/posts\/23851\/revisions\/23856"}],"wp:featuredmedia":[{"embeddable":true,"href":"https:\/\/prensapresidencialvenezuela.gob.ve\/index.php\/wp-json\/wp\/v2\/media\/23852"}],"wp:attachment":[{"href":"https:\/\/prensapresidencialvenezuela.gob.ve\/index.php\/wp-json\/wp\/v2\/media?parent=23851"}],"wp:term":[{"taxonomy":"category","embeddable":true,"href":"https:\/\/prensapresidencialvenezuela.gob.ve\/index.php\/wp-json\/wp\/v2\/categories?post=23851"},{"taxonomy":"post_tag","embeddable":true,"href":"https:\/\/prensapresidencialvenezuela.gob.ve\/index.php\/wp-json\/wp\/v2\/tags?post=23851"}],"curies":[{"name":"wp","href":"https:\/\/api.w.org\/{rel}","templated":true}]}}