{"id":23857,"date":"2025-09-13T20:18:06","date_gmt":"2025-09-14T00:18:06","guid":{"rendered":"https:\/\/prensapresidencialvenezuela.gob.ve\/?p=23857"},"modified":"2025-09-13T20:18:06","modified_gmt":"2025-09-14T00:18:06","slug":"bghp-se-une-a-la-milicia-bolivariana-para-blindar-la-soberania-y-la-paz-ante-las-amenazas-externas","status":"publish","type":"post","link":"https:\/\/prensapresidencialvenezuela.gob.ve\/index.php\/2025\/09\/13\/bghp-se-une-a-la-milicia-bolivariana-para-blindar-la-soberania-y-la-paz-ante-las-amenazas-externas\/","title":{"rendered":"BGHP se une a la Milicia Bolivariana para blindar la soberan\u00eda y la paz ante las amenazas externas"},"content":{"rendered":"\n<p><strong><br>Caracas, Venezuela.-<\/strong> Desde la ciudad de Caracas y como parte del Plan Independencia 200, la Milicia Nacional Bolivariana, el personal de la Brigada de la Guardia de Honor Presidencial (BGHP) y los Cuerpos Combatientes se sumaron este s\u00e1bado a los ejercicios de adiestramiento militar convocados por el Presidente de la Rep\u00fablica Bolivariana de Venezuela, Nicol\u00e1s Maduro, reafirmando de este modo su compromiso con \u00a0la historia, la esencia de libertad de Am\u00e9rica, la paz y la soberan\u00eda.<\/p>\n\n\n\n<p>El Comandante de la BGHP y director general de Contrainteligencia Militar, mayor general Javier Jos\u00e9 Marcano T\u00e1bata, en respuesta a la desproporcionada y absurda amenaza de agresi\u00f3n militar del Gobierno de Estado Unidos (EE.UU.) contra Venezuela, ratific\u00f3 que esta actividad demuestra \u201cla preparaci\u00f3n y la entrega inquebrantable de la estirpe guerrera de &nbsp;los herederos de los libertadores, que nunca se doblegan ante el imperialismo\u201d.<\/p>\n\n\n\n<p>\u00a0<br>Desde el Patio de Honor de la Guardia de Honor Presidencial, destac\u00f3 la importancia de la jornada como ejemplo de lo que es la Doctrina Militar Bolivariana. \u00abHemos venido con mucho orgullo, con mucha motivaci\u00f3n, con muchas ganas de ver c\u00f3mo participa todo nuestro pueblo en las actividades que van en la ruta de m\u00e1xima preparaci\u00f3n\u00bb, expres\u00f3 el Comandante.<\/p>\n\n\n\n<p><br>La jornada a la que acudi\u00f3 la poblaci\u00f3n de forma voluntaria, marca la transici\u00f3n de una fase inicial de alistamiento a otro nivel de organizaci\u00f3n y formaci\u00f3n, orientada a la cohesi\u00f3n de combate.<\/p>\n\n\n\n<p>Esta preparaci\u00f3n tiene por objetivo tambi\u00e9n caracterizar a toda la poblaci\u00f3n que se ha inscrito en los diferentes cuarteles y unidades militares del pa\u00eds, para seleccionar, de acuerdo a sus habilidades, su participaci\u00f3n en la lucha no armada y en la armada, si fuese necesario.<\/p>\n\n\n\n<p><br>El MG Marcano T\u00e1bata precis\u00f3 que la moral, el esp\u00edritu bolivariano y el amor por la independencia y la libertad son las principales armas estrat\u00e9gicas de la naci\u00f3n, dejando claro que el pueblo venezolano no ser\u00e1 intimidado por operaciones psicol\u00f3gicas o por la presencia de barcos militares, porque cada hombre y mujer de este pa\u00eds es un soldado digno de la Patria de Bol\u00edvar y Ch\u00e1vez.<\/p>\n\n\n\n<p><br>Concluy\u00f3 que el fin \u00faltimo de estas acciones es alcanzar la paz: \u201cLa respuesta contundente apenas comienza, porque en Am\u00e9rica brillar\u00e1 el mensaje bolivariano y los pueblos dir\u00e1n basta\u201d.<\/p>\n\n\n\n<p><strong><br>El pueblo entra a los cuarteles<\/strong><\/p>\n\n\n\n<p><br>El ministro del Poder Popular del Despacho de la Presidencia y Seguimiento de la Gesti\u00f3n de Gobierno, vicealmirante An\u00edbal Coronado, quien tambi\u00e9n encabez\u00f3 la actividad, destac\u00f3 la importancia de la perfecta uni\u00f3n c\u00edvico-militar-policial para la defensa de la naci\u00f3n e hizo un llamado a todo el pueblo venezolano a participar en el adoctrinamiento, la instrucci\u00f3n y la preparaci\u00f3n que garantizar\u00e1n la paz y la soberan\u00eda ante cualquier amenaza.<\/p>\n\n\n\n<p>De igual forma, agradeci\u00f3 a la Guardia de Honor Presidencial por abrir sus puertas a las comunidades, consejos comunales, reservistas y milicianos para cumplir con la instrucci\u00f3n presidencial de defender la patria.<\/p>\n\n\n\n<p><br>En este sentido, detall\u00f3 que esta preparaci\u00f3n pr\u00e1ctica incluye el uso y la manipulaci\u00f3n de armamento como el fusil AK-103, veh\u00edculos blindados, pr\u00e1cticas de tiro y punter\u00eda, entre otros, que son dirigidos a los ciudadanos que acuden voluntariamente a los cuarteles y unidades militares.<\/p>\n\n\n\n<p><br>En un contundente mensaje a las potencias extranjeras que se oponen al avance del proceso Bolivariano y del Socialismo del siglo XXI, dijo que aquellos que pretendan agredir a Venezuela \u201cse encontrar\u00e1n con una FANB, se conseguir\u00e1n con una Milicia Nacional Bolivariana, se conseguir\u00e1n con un Cuerpo Combatiente unido y cohesionado cada vez m\u00e1s para defender nuestro suelo sagrado\u00bb.<\/p>\n\n\n\n<p><strong>Prensa Presidencial \/ Iliana Rosales<\/strong><\/p>\n","protected":false},"excerpt":{"rendered":"<p>Caracas, Venezuela.- Desde la ciudad de Caracas y como parte del Plan Independencia 200, la Milicia Nacional Bolivariana, el personal de la Brigada de la Guardia de Honor Presidencial (BGHP) y los Cuerpos Combatientes se sumaron este s\u00e1bado a los ejercicios de adiestramiento militar convocados por el Presidente de la Rep\u00fablica Bolivariana de Venezuela, Nicol\u00e1s [&hellip;]<\/p>\n","protected":false},"author":1,"featured_media":23859,"comment_status":"open","ping_status":"open","sticky":false,"template":"","format":"standard","meta":{"footnotes":""},"categories":[18,7],"tags":[],"class_list":["post-23857","post","type-post","status-publish","format-standard","has-post-thumbnail","hentry","category-noticias-principales","category-notas-de-prensa"],"_links":{"self":[{"href":"https:\/\/prensapresidencialvenezuela.gob.ve\/index.php\/wp-json\/wp\/v2\/posts\/23857","targetHints":{"allow":["GET"]}}],"collection":[{"href":"https:\/\/prensapresidencialvenezuela.gob.ve\/index.php\/wp-json\/wp\/v2\/posts"}],"about":[{"href":"https:\/\/prensapresidencialvenezuela.gob.ve\/index.php\/wp-json\/wp\/v2\/types\/post"}],"author":[{"embeddable":true,"href":"https:\/\/prensapresidencialvenezuela.gob.ve\/index.php\/wp-json\/wp\/v2\/users\/1"}],"replies":[{"embeddable":true,"href":"https:\/\/prensapresidencialvenezuela.gob.ve\/index.php\/wp-json\/wp\/v2\/comments?post=23857"}],"version-history":[{"count":1,"href":"https:\/\/prensapresidencialvenezuela.gob.ve\/index.php\/wp-json\/wp\/v2\/posts\/23857\/revisions"}],"predecessor-version":[{"id":23860,"href":"https:\/\/prensapresidencialvenezuela.gob.ve\/index.php\/wp-json\/wp\/v2\/posts\/23857\/revisions\/23860"}],"wp:featuredmedia":[{"embeddable":true,"href":"https:\/\/prensapresidencialvenezuela.gob.ve\/index.php\/wp-json\/wp\/v2\/media\/23859"}],"wp:attachment":[{"href":"https:\/\/prensapresidencialvenezuela.gob.ve\/index.php\/wp-json\/wp\/v2\/media?parent=23857"}],"wp:term":[{"taxonomy":"category","embeddable":true,"href":"https:\/\/prensapresidencialvenezuela.gob.ve\/index.php\/wp-json\/wp\/v2\/categories?post=23857"},{"taxonomy":"post_tag","embeddable":true,"href":"https:\/\/prensapresidencialvenezuela.gob.ve\/index.php\/wp-json\/wp\/v2\/tags?post=23857"}],"curies":[{"name":"wp","href":"https:\/\/api.w.org\/{rel}","templated":true}]}}