{"id":23861,"date":"2025-09-15T10:09:37","date_gmt":"2025-09-15T14:09:37","guid":{"rendered":"https:\/\/prensapresidencialvenezuela.gob.ve\/?p=23861"},"modified":"2025-09-15T11:41:02","modified_gmt":"2025-09-15T15:41:02","slug":"entregan-totalmente-rehabilitada-la-unidad-educativa-urbaneja-achelpohl-en-caracas","status":"publish","type":"post","link":"https:\/\/prensapresidencialvenezuela.gob.ve\/index.php\/2025\/09\/15\/entregan-totalmente-rehabilitada-la-unidad-educativa-urbaneja-achelpohl-en-caracas\/","title":{"rendered":"Entregan totalmente rehabilitada la Unidad Educativa Urbaneja Achelpohl en Caracas"},"content":{"rendered":"\n<p><strong>Caracas, Venezuela.-<\/strong> El presidente de la Rep\u00fablica Bolivariana de Venezuela, Nicol\u00e1s Maduro, encabeza este lunes la entrega de la Unidad Educativa Urbaneja Achelpohl, ubicada en el sector Los Rosales, parroquia San Pedro de Caracas, como parte del inicio de clases del per\u00edodo escolar 2025-2026.<\/p>\n\n\n\n<p>En el recorrido por el centro educativo, lo acompa\u00f1aron la primera dama, Cilia Flores; la alcaldesa de Caracas, almiranta Carmen Mel\u00e9ndez; el ministro del Poder Popular para la Juventud, Sergio Lotartaro; y la presidenta de la Gran Misi\u00f3n Venezuela Joven, G\u00e9nesis Garvett.<\/p>\n\n\n\n<p>La rehabilitaci\u00f3n integral de la escuela fue ejecutada por la Corporaci\u00f3n Juntos Todo es Posible, incluy\u00f3 reparaciones diversas en una superficie de 17 000 m<sup>2<\/sup>, entre ellos, 5.000 corresponden a la impermeabilizaci\u00f3n de techos.<\/p>\n\n\n\n<figure class=\"wp-block-image size-large\"><img fetchpriority=\"high\" decoding=\"async\" width=\"1024\" height=\"683\" src=\"https:\/\/prensapresidencialvenezuela.gob.ve\/wp-content\/uploads\/2025\/09\/31WO_L0228_P-1024x683.jpg\" alt=\"\" class=\"wp-image-23864\" srcset=\"https:\/\/prensapresidencialvenezuela.gob.ve\/wp-content\/uploads\/2025\/09\/31WO_L0228_P-1024x683.jpg 1024w, https:\/\/prensapresidencialvenezuela.gob.ve\/wp-content\/uploads\/2025\/09\/31WO_L0228_P-300x200.jpg 300w, https:\/\/prensapresidencialvenezuela.gob.ve\/wp-content\/uploads\/2025\/09\/31WO_L0228_P-768x512.jpg 768w, https:\/\/prensapresidencialvenezuela.gob.ve\/wp-content\/uploads\/2025\/09\/31WO_L0228_P-1536x1024.jpg 1536w, https:\/\/prensapresidencialvenezuela.gob.ve\/wp-content\/uploads\/2025\/09\/31WO_L0228_P-2048x1366.jpg 2048w\" sizes=\"(max-width: 1024px) 100vw, 1024px\" \/><\/figure>\n\n\n\n<p><strong>Una escuela con amplios espacios<\/strong><\/p>\n\n\n\n<p>La instituci\u00f3n educativa, que atiende a una matr\u00edcula de 1.158 estudiantes (55 de inicial, 298 de primaria y 805 de media general), ahora cuenta con una variedad de espacios renovados, que incluyen:<\/p>\n\n\n\n<ul class=\"wp-block-list\">\n<li>Parque infantil y sal\u00f3n de inicial.<\/li>\n\n\n\n<li>Salones de primaria<\/li>\n\n\n\n<li>Auditorio<\/li>\n\n\n\n<li>Consultorio m\u00e9dico, comedor y laboratorios de biolog\u00eda, qu\u00edmica, f\u00edsica, telem\u00e1tica y rob\u00f3tica.<\/li>\n\n\n\n<li>Canchas de b\u00e9isbol y b\u00e1squet, un teatro y un Centro Bolivariano de Inform\u00e1tica y Telem\u00e1tica (CBIT).<\/li>\n\n\n\n<li>Oficinas de defensor\u00eda escolar y un centro de desarrollo de la calidad educativa.<\/li>\n<\/ul>\n\n\n\n<figure class=\"wp-block-image size-large\"><img decoding=\"async\" width=\"1024\" height=\"683\" src=\"https:\/\/prensapresidencialvenezuela.gob.ve\/wp-content\/uploads\/2025\/09\/11WO_L0102_P-1024x683.jpg\" alt=\"\" class=\"wp-image-23863\" srcset=\"https:\/\/prensapresidencialvenezuela.gob.ve\/wp-content\/uploads\/2025\/09\/11WO_L0102_P-1024x683.jpg 1024w, https:\/\/prensapresidencialvenezuela.gob.ve\/wp-content\/uploads\/2025\/09\/11WO_L0102_P-300x200.jpg 300w, https:\/\/prensapresidencialvenezuela.gob.ve\/wp-content\/uploads\/2025\/09\/11WO_L0102_P-768x512.jpg 768w, https:\/\/prensapresidencialvenezuela.gob.ve\/wp-content\/uploads\/2025\/09\/11WO_L0102_P-1536x1024.jpg 1536w, https:\/\/prensapresidencialvenezuela.gob.ve\/wp-content\/uploads\/2025\/09\/11WO_L0102_P-2048x1366.jpg 2048w\" sizes=\"(max-width: 1024px) 100vw, 1024px\" \/><\/figure>\n\n\n\n<p><strong>Un nuevo modelo de educaci\u00f3n<\/strong><\/p>\n\n\n\n<p>La Unidad Educativa Urbaneja Achelpohl ha sido seleccionada para formar parte del plan Escuela Nueva Generaci\u00f3n, un modelo educativo que extiende la jornada de atenci\u00f3n de los estudiantes de 7:00 a.m. a 4:45 p.m.<\/p>\n\n\n\n<p>En el \u00faltimo bloque, los alumnos participar\u00e1n en grupos estables, una estrategia pedag\u00f3gica que les permite aprender un oficio o una disciplina de su inter\u00e9s, como deportes, ciencias, teatro, danza, m\u00fasica o literatura. Esta iniciativa busca que los j\u00f3venes se desarrollen en \u00e1reas que les apasionen, complementando su formaci\u00f3n acad\u00e9mica.<\/p>\n\n\n\n<p><strong>Otros datos del recinto educativo<\/strong><\/p>\n\n\n\n<p>La escuela, que inici\u00f3 su construcci\u00f3n en 1964 y se mud\u00f3 a su ubicaci\u00f3n actual en 1969, fue concebida originalmente como una escuela experimental.<\/p>\n\n\n\n<p>Adem\u00e1s de la rehabilitaci\u00f3n de los espacios, se realizaron adecuaciones para garantizar la inclusi\u00f3n de estudiantes con discapacidad motora. Se instalaron rampas y se acondicionaron ba\u00f1os especiales para facilitar la movilidad de los ni\u00f1os.<\/p>\n\n\n\n<p>El comedor de la escuela brindar\u00e1 a los estudiantes desayuno, almuerzo y merienda, garantizando as\u00ed una alimentaci\u00f3n completa durante su jornada extendida.<\/p>\n\n\n\n<p>Asimismo, esta unidad educativa tuvo el honor de tener entre sus estudiantes de bachillerato, al presidente Maduro, mismo que hoy investido como mandatario nacional entrega la escuela totalmente renovada para las nuevas generaciones, representativas del futuro del pa\u00eds.<\/p>\n\n\n\n<p><strong>Prensa Presidencial\/ Iliana Rosales<\/strong><\/p>\n","protected":false},"excerpt":{"rendered":"<p>Caracas, Venezuela.- El presidente de la Rep\u00fablica Bolivariana de Venezuela, Nicol\u00e1s Maduro, encabeza este lunes la entrega de la Unidad Educativa Urbaneja Achelpohl, ubicada en el sector Los Rosales, parroquia San Pedro de Caracas, como parte del inicio de clases del per\u00edodo escolar 2025-2026. En el recorrido por el centro educativo, lo acompa\u00f1aron la primera [&hellip;]<\/p>\n","protected":false},"author":1,"featured_media":23889,"comment_status":"open","ping_status":"open","sticky":false,"template":"","format":"standard","meta":{"footnotes":""},"categories":[18,7],"tags":[],"class_list":["post-23861","post","type-post","status-publish","format-standard","has-post-thumbnail","hentry","category-noticias-principales","category-notas-de-prensa"],"_links":{"self":[{"href":"https:\/\/prensapresidencialvenezuela.gob.ve\/index.php\/wp-json\/wp\/v2\/posts\/23861","targetHints":{"allow":["GET"]}}],"collection":[{"href":"https:\/\/prensapresidencialvenezuela.gob.ve\/index.php\/wp-json\/wp\/v2\/posts"}],"about":[{"href":"https:\/\/prensapresidencialvenezuela.gob.ve\/index.php\/wp-json\/wp\/v2\/types\/post"}],"author":[{"embeddable":true,"href":"https:\/\/prensapresidencialvenezuela.gob.ve\/index.php\/wp-json\/wp\/v2\/users\/1"}],"replies":[{"embeddable":true,"href":"https:\/\/prensapresidencialvenezuela.gob.ve\/index.php\/wp-json\/wp\/v2\/comments?post=23861"}],"version-history":[{"count":1,"href":"https:\/\/prensapresidencialvenezuela.gob.ve\/index.php\/wp-json\/wp\/v2\/posts\/23861\/revisions"}],"predecessor-version":[{"id":23865,"href":"https:\/\/prensapresidencialvenezuela.gob.ve\/index.php\/wp-json\/wp\/v2\/posts\/23861\/revisions\/23865"}],"wp:featuredmedia":[{"embeddable":true,"href":"https:\/\/prensapresidencialvenezuela.gob.ve\/index.php\/wp-json\/wp\/v2\/media\/23889"}],"wp:attachment":[{"href":"https:\/\/prensapresidencialvenezuela.gob.ve\/index.php\/wp-json\/wp\/v2\/media?parent=23861"}],"wp:term":[{"taxonomy":"category","embeddable":true,"href":"https:\/\/prensapresidencialvenezuela.gob.ve\/index.php\/wp-json\/wp\/v2\/categories?post=23861"},{"taxonomy":"post_tag","embeddable":true,"href":"https:\/\/prensapresidencialvenezuela.gob.ve\/index.php\/wp-json\/wp\/v2\/tags?post=23861"}],"curies":[{"name":"wp","href":"https:\/\/api.w.org\/{rel}","templated":true}]}}