{"id":23866,"date":"2025-09-15T10:52:47","date_gmt":"2025-09-15T14:52:47","guid":{"rendered":"https:\/\/prensapresidencialvenezuela.gob.ve\/?p=23866"},"modified":"2025-09-15T11:09:07","modified_gmt":"2025-09-15T15:09:07","slug":"la-clave-de-la-consolidacion-de-la-patria-nueva-son-los-valores-la-educacion-y-la-cultura","status":"publish","type":"post","link":"https:\/\/prensapresidencialvenezuela.gob.ve\/index.php\/2025\/09\/15\/la-clave-de-la-consolidacion-de-la-patria-nueva-son-los-valores-la-educacion-y-la-cultura\/","title":{"rendered":"\u00abLa clave de la consolidaci\u00f3n de la patria nueva son los valores, la educaci\u00f3n y la cultura\u00bb"},"content":{"rendered":"\n<p><strong>Caracas, Venezuela.-<\/strong> El a\u00f1o escolar 2025-2026 en Venezuela dio inicio con un acto trascendental, encabezado por el presidente de la Rep\u00fablica Bolivariana de Venezuela, Nicol\u00e1s Maduro, quien hizo entrega de la Unidad Educativa Urbaneja Achelpohl, ubicada en el sector Los Rosales de la parroquia San Pedro de Caracas. El evento, que simboliza el compromiso inquebrantable del Gobierno Bolivariano con la educaci\u00f3n p\u00fablica, gratuita y de calidad, estuvo cargado de un mensaje de esperanza y de proyecci\u00f3n de futuro para la juventud venezolana.<\/p>\n\n\n\n<blockquote class=\"wp-block-quote is-layout-flow wp-block-quote-is-layout-flow\">\n<p>\u00abFeliz inicio de clases, estamos entregando la nueva Unidad Educativa Urbaneja Achelpohl, en esta Caracas en paz, empezando las clases del per\u00edodo escolar 2025-2026; y lo que vamos es para adelante\u00bb, expres\u00f3 el Mandatario nacional al iniciar su intervenci\u00f3n. Con estas palabras, el presidente Maduro no solo inaugur\u00f3 un plantel, sino que dio el punto de partida oficial a un nuevo ciclo de formaci\u00f3n acad\u00e9mica para millones de estudiantes en todo el pa\u00eds.<\/p>\n<\/blockquote>\n\n\n\n<p>El Jefe de Estado, en un emotivo discurso, invit\u00f3 a los j\u00f3venes a ser \u00abhistoria viviente para la historia que les toca a ustedes vivir, que va a ser m\u00e1s grande, m\u00e1s maravillosa y m\u00e1s fruct\u00edfera\u00bb. En un recorrido por los or\u00edgenes del proyecto bolivariano, el presidente Maduro record\u00f3 el legado del comandante Hugo Ch\u00e1vez, a quien calific\u00f3 como \u00abnuestro padre\u00bb y l\u00edder, que supo acumular \u00abla fuerza de la patria\u00bb para retomar el \u00abproyecto original de Sim\u00f3n Bol\u00edvar\u00bb.<\/p>\n\n\n\n<figure class=\"wp-block-image size-large\"><img fetchpriority=\"high\" decoding=\"async\" width=\"1024\" height=\"683\" src=\"https:\/\/prensapresidencialvenezuela.gob.ve\/wp-content\/uploads\/2025\/09\/61_ZC__6491_P-1024x683.jpg\" alt=\"\" class=\"wp-image-23871\" srcset=\"https:\/\/prensapresidencialvenezuela.gob.ve\/wp-content\/uploads\/2025\/09\/61_ZC__6491_P-1024x683.jpg 1024w, https:\/\/prensapresidencialvenezuela.gob.ve\/wp-content\/uploads\/2025\/09\/61_ZC__6491_P-300x200.jpg 300w, https:\/\/prensapresidencialvenezuela.gob.ve\/wp-content\/uploads\/2025\/09\/61_ZC__6491_P-768x512.jpg 768w, https:\/\/prensapresidencialvenezuela.gob.ve\/wp-content\/uploads\/2025\/09\/61_ZC__6491_P-1536x1024.jpg 1536w, https:\/\/prensapresidencialvenezuela.gob.ve\/wp-content\/uploads\/2025\/09\/61_ZC__6491_P-2048x1366.jpg 2048w\" sizes=\"(max-width: 1024px) 100vw, 1024px\" \/><\/figure>\n\n\n\n<p>El Presidente Maduro destac\u00f3 que la educaci\u00f3n, los valores y la cultura, son la \u00abclave de la consolidaci\u00f3n de la patria nueva\u00bb. Y se\u00f1al\u00f3 la importancia de forjar en los j\u00f3venes las capacidades para convertirse en la generaci\u00f3n mejor preparada de la historia de Venezuela. \u00abForjar en estas ni\u00f1as, en estos j\u00f3venes, forjar valores, vigencia, capacidades m\u00e1s completas, m\u00e1s hermosas, mejor preparadas de toda la historia de Venezuela, como ya es y c\u00f3mo va a ser hacia el futuro\u00bb, asever\u00f3.<\/p>\n\n\n\n<p>La entrega de esta nueva Unidad Educativa se suma a los esfuerzos del Gobierno Bolivariano por garantizar la educaci\u00f3n como un derecho humano fundamental, reafirmando que la inversi\u00f3n en infraestructura y la formaci\u00f3n de los j\u00f3venes, son pilares estrat\u00e9gicos para el desarrollo de la naci\u00f3n.<\/p>\n\n\n\n<p><strong>Prensa Presidencial \/ Luis Tavera<\/strong><\/p>\n","protected":false},"excerpt":{"rendered":"<p>Caracas, Venezuela.- El a\u00f1o escolar 2025-2026 en Venezuela dio inicio con un acto trascendental, encabezado por el presidente de la Rep\u00fablica Bolivariana de Venezuela, Nicol\u00e1s Maduro, quien hizo entrega de la Unidad Educativa Urbaneja Achelpohl, ubicada en el sector Los Rosales de la parroquia San Pedro de Caracas. El evento, que simboliza el compromiso inquebrantable [&hellip;]<\/p>\n","protected":false},"author":1,"featured_media":23868,"comment_status":"open","ping_status":"open","sticky":false,"template":"","format":"standard","meta":{"footnotes":""},"categories":[18,7],"tags":[],"class_list":["post-23866","post","type-post","status-publish","format-standard","has-post-thumbnail","hentry","category-noticias-principales","category-notas-de-prensa"],"_links":{"self":[{"href":"https:\/\/prensapresidencialvenezuela.gob.ve\/index.php\/wp-json\/wp\/v2\/posts\/23866","targetHints":{"allow":["GET"]}}],"collection":[{"href":"https:\/\/prensapresidencialvenezuela.gob.ve\/index.php\/wp-json\/wp\/v2\/posts"}],"about":[{"href":"https:\/\/prensapresidencialvenezuela.gob.ve\/index.php\/wp-json\/wp\/v2\/types\/post"}],"author":[{"embeddable":true,"href":"https:\/\/prensapresidencialvenezuela.gob.ve\/index.php\/wp-json\/wp\/v2\/users\/1"}],"replies":[{"embeddable":true,"href":"https:\/\/prensapresidencialvenezuela.gob.ve\/index.php\/wp-json\/wp\/v2\/comments?post=23866"}],"version-history":[{"count":2,"href":"https:\/\/prensapresidencialvenezuela.gob.ve\/index.php\/wp-json\/wp\/v2\/posts\/23866\/revisions"}],"predecessor-version":[{"id":23879,"href":"https:\/\/prensapresidencialvenezuela.gob.ve\/index.php\/wp-json\/wp\/v2\/posts\/23866\/revisions\/23879"}],"wp:featuredmedia":[{"embeddable":true,"href":"https:\/\/prensapresidencialvenezuela.gob.ve\/index.php\/wp-json\/wp\/v2\/media\/23868"}],"wp:attachment":[{"href":"https:\/\/prensapresidencialvenezuela.gob.ve\/index.php\/wp-json\/wp\/v2\/media?parent=23866"}],"wp:term":[{"taxonomy":"category","embeddable":true,"href":"https:\/\/prensapresidencialvenezuela.gob.ve\/index.php\/wp-json\/wp\/v2\/categories?post=23866"},{"taxonomy":"post_tag","embeddable":true,"href":"https:\/\/prensapresidencialvenezuela.gob.ve\/index.php\/wp-json\/wp\/v2\/tags?post=23866"}],"curies":[{"name":"wp","href":"https:\/\/api.w.org\/{rel}","templated":true}]}}