{"id":23873,"date":"2025-09-15T11:01:43","date_gmt":"2025-09-15T15:01:43","guid":{"rendered":"https:\/\/prensapresidencialvenezuela.gob.ve\/?p=23873"},"modified":"2025-09-15T12:40:01","modified_gmt":"2025-09-15T16:40:01","slug":"gobierno-bolivariano-rehabilita-la-u-e-e-francisco-iznardi-en-miranda-para-el-inicio-del-ano-escolar-2025-2026","status":"publish","type":"post","link":"https:\/\/prensapresidencialvenezuela.gob.ve\/index.php\/2025\/09\/15\/gobierno-bolivariano-rehabilita-la-u-e-e-francisco-iznardi-en-miranda-para-el-inicio-del-ano-escolar-2025-2026\/","title":{"rendered":"Gobierno Bolivariano rehabilita la U.E.E. Francisco Isnardi en Miranda para el inicio del a\u00f1o escolar 2025-2026"},"content":{"rendered":"\n<p><strong>La Dolorita, municipio Sucre.-<\/strong> Este lunes, como parte de las pol\u00edticas de mejoramiento de la infraestructura educativa, el Gobierno Bolivariano, a trav\u00e9s de la vicepresidenta Ejecutiva de la Rep\u00fablica, Delcy Rodr\u00edguez, entreg\u00f3 totalmente renovada la Unidad Educativa Estatal (U.E.E.) Francisco Isnardi, ubicada en La Dolorita, estado Miranda.<\/p>\n\n\n\n<p>La obra fue realizada por la Corporaci\u00f3n Juntos Todo Es Posible y garantiza que 771 estudiantes de educaci\u00f3n inicial, primaria y media general, inicien el a\u00f1o escolar 2025-2026 en instalaciones completamente recuperadas y adaptadas a sus necesidades pedag\u00f3gicas.<\/p>\n\n\n\n<p>Durante la entrega, que fue transmitida en un pase satelital con el presidente de la Rep\u00fablica Bolivariana de Venezuela, Nicol\u00e1s Maduro, la Vicepresidenta destac\u00f3 la belleza de la instituci\u00f3n y el arduo trabajo realizado. \u00abSe recuperaron 21 aulas de clases, se realiz\u00f3 un proceso completo de impermeabilizaci\u00f3n, y se rehabilitaron las instalaciones el\u00e9ctricas y sanitarias\u00bb, afirm\u00f3.<\/p>\n\n\n\n<p>Tambi\u00e9n, mencion\u00f3 la recuperaci\u00f3n del muro de contenci\u00f3n y detall\u00f3 que la comunidad, junto con el director y los representantes, particip\u00f3 activamente en todo el proceso. \u00abEsta escuela tambi\u00e9n cuenta con comedor y una cancha deportiva que qued\u00f3 hermosa, con una vista espectacular a toda La Dolorita\u00bb, agreg\u00f3.<\/p>\n\n\n\n<p>Estas nuevas instalaciones incluyen adem\u00e1s una biblioteca, laboratorios de biolog\u00eda, f\u00edsica, qu\u00edmica y computaci\u00f3n, a los fines de que cada uno de los estudiantes pueda tener acceso a herramientas de alta tecnolog\u00edas.<\/p>\n\n\n\n<p><strong>Testimonio de la transformaci\u00f3n<\/strong><\/p>\n\n\n\n<p><br>Una estudiante que inici\u00f3 su formaci\u00f3n en el preescolar de la instituci\u00f3n y que hoy cursa el quinto a\u00f1o de bachillerato, comparti\u00f3 su emoci\u00f3n al ver la transformaci\u00f3n. \u00abLa verdad es irreconocible este colegio, por tanta belleza. Me siento muy feliz porque estudi\u00e9 desde chiquita aqu\u00ed. Ahora, podemos disfrutar del colegio y estudiar con muchas m\u00e1s ganas y seguir adelante\u00bb, expres\u00f3.<\/p>\n\n\n\n<p><strong>La obra es una expresi\u00f3n de amor<\/strong><\/p>\n\n\n\n<p>El Gobernador del estado Miranda, Elio Serrano, tambi\u00e9n estuvo presente y calific\u00f3 la rehabilitaci\u00f3n como una expresi\u00f3n de amor del Gobierno Revolucionario hacia la comunidad estudiantil.<\/p>\n\n\n\n<p>\u00abTenemos 1.360 instituciones educativas oficiales en Miranda y estamos empe\u00f1ados en mejorar la infraestructura escolar para reivindicar el derecho a la educaci\u00f3n de nuestro pueblo\u00bb, coment\u00f3, no sin antes destacar que m\u00e1s de 550.000 ni\u00f1os, ni\u00f1as y j\u00f3venes de la regi\u00f3n inician este per\u00edodo escolar 2025-2026 en la entidad.<\/p>\n\n\n\n<p><strong>Expo Sim\u00f3n de Ni\u00f1o a Libertador inicia su recorrido por el pa\u00eds<\/strong><\/p>\n\n\n\n<p><br>En el mismo acto, la Vicepresidenta anunci\u00f3 que la Expo Sim\u00f3n de Ni\u00f1o a Libertador, que recibi\u00f3 m\u00e1s de 620.000 visitas en Caracas, iniciar\u00e1 su recorrido por el pa\u00eds.<\/p>\n\n\n\n<p>Del 15 al 21 de septiembre, la exposici\u00f3n estar\u00e1 en los estados Aragua y Carabobo, cumpliendo as\u00ed la instrucci\u00f3n de llevar la vida y obra del Libertador Sim\u00f3n Bol\u00edvar a todo el territorio nacional, reforzando la idea del bolivarianismo y de la patria grande.<\/p>\n\n\n\n<p><strong>Prensa Presidencial \/ Iliana Rosales<\/strong><\/p>\n","protected":false},"excerpt":{"rendered":"<p>La Dolorita, municipio Sucre.- Este lunes, como parte de las pol\u00edticas de mejoramiento de la infraestructura educativa, el Gobierno Bolivariano, a trav\u00e9s de la vicepresidenta Ejecutiva de la Rep\u00fablica, Delcy Rodr\u00edguez, entreg\u00f3 totalmente renovada la Unidad Educativa Estatal (U.E.E.) Francisco Isnardi, ubicada en La Dolorita, estado Miranda. La obra fue realizada por la Corporaci\u00f3n Juntos [&hellip;]<\/p>\n","protected":false},"author":15,"featured_media":23874,"comment_status":"open","ping_status":"open","sticky":false,"template":"","format":"standard","meta":{"footnotes":""},"categories":[18,7],"tags":[],"class_list":["post-23873","post","type-post","status-publish","format-standard","has-post-thumbnail","hentry","category-noticias-principales","category-notas-de-prensa"],"_links":{"self":[{"href":"https:\/\/prensapresidencialvenezuela.gob.ve\/index.php\/wp-json\/wp\/v2\/posts\/23873","targetHints":{"allow":["GET"]}}],"collection":[{"href":"https:\/\/prensapresidencialvenezuela.gob.ve\/index.php\/wp-json\/wp\/v2\/posts"}],"about":[{"href":"https:\/\/prensapresidencialvenezuela.gob.ve\/index.php\/wp-json\/wp\/v2\/types\/post"}],"author":[{"embeddable":true,"href":"https:\/\/prensapresidencialvenezuela.gob.ve\/index.php\/wp-json\/wp\/v2\/users\/15"}],"replies":[{"embeddable":true,"href":"https:\/\/prensapresidencialvenezuela.gob.ve\/index.php\/wp-json\/wp\/v2\/comments?post=23873"}],"version-history":[{"count":3,"href":"https:\/\/prensapresidencialvenezuela.gob.ve\/index.php\/wp-json\/wp\/v2\/posts\/23873\/revisions"}],"predecessor-version":[{"id":23905,"href":"https:\/\/prensapresidencialvenezuela.gob.ve\/index.php\/wp-json\/wp\/v2\/posts\/23873\/revisions\/23905"}],"wp:featuredmedia":[{"embeddable":true,"href":"https:\/\/prensapresidencialvenezuela.gob.ve\/index.php\/wp-json\/wp\/v2\/media\/23874"}],"wp:attachment":[{"href":"https:\/\/prensapresidencialvenezuela.gob.ve\/index.php\/wp-json\/wp\/v2\/media?parent=23873"}],"wp:term":[{"taxonomy":"category","embeddable":true,"href":"https:\/\/prensapresidencialvenezuela.gob.ve\/index.php\/wp-json\/wp\/v2\/categories?post=23873"},{"taxonomy":"post_tag","embeddable":true,"href":"https:\/\/prensapresidencialvenezuela.gob.ve\/index.php\/wp-json\/wp\/v2\/tags?post=23873"}],"curies":[{"name":"wp","href":"https:\/\/api.w.org\/{rel}","templated":true}]}}