{"id":23884,"date":"2025-09-15T11:33:03","date_gmt":"2025-09-15T15:33:03","guid":{"rendered":"https:\/\/prensapresidencialvenezuela.gob.ve\/?p=23884"},"modified":"2025-09-15T12:20:32","modified_gmt":"2025-09-15T16:20:32","slug":"juventud-venezolana-clave-para-la-batalla-en-las-redes-sociales","status":"publish","type":"post","link":"https:\/\/prensapresidencialvenezuela.gob.ve\/index.php\/2025\/09\/15\/juventud-venezolana-clave-para-la-batalla-en-las-redes-sociales\/","title":{"rendered":"Juventud venezolana clave para la batalla en las redes sociales"},"content":{"rendered":"\n<p><strong>Caracas, Venezuela. &#8211; <\/strong>&nbsp;El presidente de la Rep\u00fablica Bolivariana de Venezuela, Nicol\u00e1s Maduro, inst\u00f3 a los estudiantes a asumir un rol protag\u00f3nico y cr\u00edtico en la construcci\u00f3n de la calidad educativa del pa\u00eds, destacando la necesidad de una formaci\u00f3n que los prepare para el desaf\u00edo de la era digital. Durante el inicio del nuevo a\u00f1o escolar 2025-2026, el Jefe de Estado hizo un llamado a la juventud a convertirse en una fuerza activa en el mundo de las redes sociales.<\/p>\n\n\n\n<p>Desde el Sal\u00f3n de Usos M\u00faltiples de la Unidad Educativa Urbaneja Achelpohl, el Mandatario Nacional subray\u00f3 que la calidad educativa no se limita a los programas de estudio, sino que requiere de la participaci\u00f3n activa de los estudiantes. \u00abUstedes tienen que ser los mejores en aportar ideas en los programas de estudio\u00bb, afirm\u00f3 el Presidente Maduro, quien alent\u00f3 a la juventud a ser un \u00abmovimiento estudiantil cr\u00edtico y activo\u00bb que exija nuevos m\u00e9todos pedag\u00f3gicos para que las clases no sean aburridas.<\/p>\n\n\n\n<figure class=\"wp-block-image size-large\"><img fetchpriority=\"high\" decoding=\"async\" width=\"1024\" height=\"875\" src=\"https:\/\/prensapresidencialvenezuela.gob.ve\/wp-content\/uploads\/2025\/09\/90_ZC_L2349_P-1024x875.jpg\" alt=\"\" class=\"wp-image-23900\" srcset=\"https:\/\/prensapresidencialvenezuela.gob.ve\/wp-content\/uploads\/2025\/09\/90_ZC_L2349_P-1024x875.jpg 1024w, https:\/\/prensapresidencialvenezuela.gob.ve\/wp-content\/uploads\/2025\/09\/90_ZC_L2349_P-300x256.jpg 300w, https:\/\/prensapresidencialvenezuela.gob.ve\/wp-content\/uploads\/2025\/09\/90_ZC_L2349_P-768x656.jpg 768w, https:\/\/prensapresidencialvenezuela.gob.ve\/wp-content\/uploads\/2025\/09\/90_ZC_L2349_P-1536x1313.jpg 1536w, https:\/\/prensapresidencialvenezuela.gob.ve\/wp-content\/uploads\/2025\/09\/90_ZC_L2349_P-2048x1750.jpg 2048w\" sizes=\"(max-width: 1024px) 100vw, 1024px\" \/><\/figure>\n\n\n\n<p>En un mundo de acelerado ritmo tecnol\u00f3gico, el Presidente destac\u00f3 la importancia de una educaci\u00f3n cr\u00edtica y digital. Hizo un llamado a los j\u00f3venes a desarrollar un criterio propio ante el contenido que consumen en las plataformas digitales, enfatizando que la tecnolog\u00eda debe ser usada para el bien.<\/p>\n\n\n\n<p>\u00abUstedes tienen que ser generadores de contenido de calidad por millones y sigamos ganando la batalla a las redes sociales para que no envenene la mente de la juventud venezolana, como han envenenado la mente de la juventud de Estados Unidos por ejemplo\u00bb, sentenci\u00f3 el Presidente. Con esta visi\u00f3n, el Gobierno Bolivariano busca empoderar a la juventud para que combata la violencia y el odio, promoviendo en su lugar la cultura y los valores que enriquecen a la sociedad.<\/p>\n\n\n\n<p><strong>Prensa Presidencial\/ Luis Tavera<\/strong><\/p>\n","protected":false},"excerpt":{"rendered":"<p>Caracas, Venezuela. &#8211; &nbsp;El presidente de la Rep\u00fablica Bolivariana de Venezuela, Nicol\u00e1s Maduro, inst\u00f3 a los estudiantes a asumir un rol protag\u00f3nico y cr\u00edtico en la construcci\u00f3n de la calidad educativa del pa\u00eds, destacando la necesidad de una formaci\u00f3n que los prepare para el desaf\u00edo de la era digital. Durante el inicio del nuevo a\u00f1o [&hellip;]<\/p>\n","protected":false},"author":1,"featured_media":23885,"comment_status":"open","ping_status":"open","sticky":false,"template":"","format":"standard","meta":{"footnotes":""},"categories":[18,7],"tags":[],"class_list":["post-23884","post","type-post","status-publish","format-standard","has-post-thumbnail","hentry","category-noticias-principales","category-notas-de-prensa"],"_links":{"self":[{"href":"https:\/\/prensapresidencialvenezuela.gob.ve\/index.php\/wp-json\/wp\/v2\/posts\/23884","targetHints":{"allow":["GET"]}}],"collection":[{"href":"https:\/\/prensapresidencialvenezuela.gob.ve\/index.php\/wp-json\/wp\/v2\/posts"}],"about":[{"href":"https:\/\/prensapresidencialvenezuela.gob.ve\/index.php\/wp-json\/wp\/v2\/types\/post"}],"author":[{"embeddable":true,"href":"https:\/\/prensapresidencialvenezuela.gob.ve\/index.php\/wp-json\/wp\/v2\/users\/1"}],"replies":[{"embeddable":true,"href":"https:\/\/prensapresidencialvenezuela.gob.ve\/index.php\/wp-json\/wp\/v2\/comments?post=23884"}],"version-history":[{"count":2,"href":"https:\/\/prensapresidencialvenezuela.gob.ve\/index.php\/wp-json\/wp\/v2\/posts\/23884\/revisions"}],"predecessor-version":[{"id":23901,"href":"https:\/\/prensapresidencialvenezuela.gob.ve\/index.php\/wp-json\/wp\/v2\/posts\/23884\/revisions\/23901"}],"wp:featuredmedia":[{"embeddable":true,"href":"https:\/\/prensapresidencialvenezuela.gob.ve\/index.php\/wp-json\/wp\/v2\/media\/23885"}],"wp:attachment":[{"href":"https:\/\/prensapresidencialvenezuela.gob.ve\/index.php\/wp-json\/wp\/v2\/media?parent=23884"}],"wp:term":[{"taxonomy":"category","embeddable":true,"href":"https:\/\/prensapresidencialvenezuela.gob.ve\/index.php\/wp-json\/wp\/v2\/categories?post=23884"},{"taxonomy":"post_tag","embeddable":true,"href":"https:\/\/prensapresidencialvenezuela.gob.ve\/index.php\/wp-json\/wp\/v2\/tags?post=23884"}],"curies":[{"name":"wp","href":"https:\/\/api.w.org\/{rel}","templated":true}]}}