{"id":23892,"date":"2025-09-15T12:17:37","date_gmt":"2025-09-15T16:17:37","guid":{"rendered":"https:\/\/prensapresidencialvenezuela.gob.ve\/?p=23892"},"modified":"2025-09-15T12:17:37","modified_gmt":"2025-09-15T16:17:37","slug":"la-guaira-celebra-la-rehabilitacion-del-90-de-su-infraestructura-educativa","status":"publish","type":"post","link":"https:\/\/prensapresidencialvenezuela.gob.ve\/index.php\/2025\/09\/15\/la-guaira-celebra-la-rehabilitacion-del-90-de-su-infraestructura-educativa\/","title":{"rendered":"La Guaira celebra la rehabilitaci\u00f3n del 90% de su infraestructura educativa"},"content":{"rendered":"\n<p><strong>Naiguat\u00e1, estado La Guaira.-<\/strong> En un acto que marc\u00f3 el inicio del a\u00f1o escolar 2025-2026, las autoridades de La Guaira entregaron la Escuela Francisco Lazo Mart\u00ed, un centro educativo que fue rehabilitado y que simboliza el avance en la recuperaci\u00f3n de la infraestructura educativa de la regi\u00f3n.<\/p>\n\n\n\n<p>El gobernador de la entidad, Jos\u00e9 Alejandro Ter\u00e1n, destac\u00f3 el esfuerzo del gobierno nacional en materia educativa, afirmando que en La Guaira ya se ha rehabilitado el 90% de las plantas f\u00edsicas escolares. \u00abYa son 200 escuelas, con esta, las que estamos rehabilitando con ese m\u00e9todo milagroso, Las Brigadas Comunitarias Militares de Educaci\u00f3n y Salud (Bricomiles), que usted ha sabido crear, llamando al trabajo voluntario, a hacer m\u00e1s con menos\u00bb, expres\u00f3.<\/p>\n\n\n\n<p>Por su parte, el viceministro de Educaci\u00f3n Media, Eloy Sira, resalt\u00f3 que la escuela que fue renovada, atiende a 245 ni\u00f1os y ni\u00f1as, y fue dotada con un Centro Bolivariano de Inform\u00e1tica y Telem\u00e1tica (CEBIT) equipado con 19 computadoras. Asimismo, mencion\u00f3 el aumento significativo en la cantidad y calidad de alimentos que se distribuyen en los comedores escolares, destacando el rol crucial de la alimentaci\u00f3n para mejorar la calidad educativa.<\/p>\n\n\n\n<p>El profesor Pedro Malav\u00e9, el responsable de la Corporaci\u00f3n Juntos Todo Es Posible, detall\u00f3 el alcance de los trabajos de rehabilitaci\u00f3n, que incluyeron la impermeabilizaci\u00f3n y recuperaci\u00f3n de 2.960 metros cuadrados. De igual manera, detall\u00f3 que se recuperaron, con la participaci\u00f3n del Poder Popular y de los consejos comunales de la zona, unos nueve salones, la biblioteca, los ba\u00f1os y el comedor, adem\u00e1s de instalar sistemas de agua potable y aire acondicionado.<\/p>\n\n\n\n<p>En tanto, la directora del plantel, Nidia Yzaguirre, agradeci\u00f3 a las autoridades por el apoyo recibido y por hacer de este proyecto un sue\u00f1o hecho realidad. Asimismo, una estudiante de cuarto grado, Fabiana Ely, tambi\u00e9n expres\u00f3 su gratitud por la remodelaci\u00f3n del plantel en nombre de sus compa\u00f1eros, docentes y toda la comunidad.<\/p>\n\n\n\n<p>Durante el evento, se hizo entrega de uniformes escolares y calzados para los estudiantes, completando as\u00ed la dotaci\u00f3n para el nuevo a\u00f1o escolar 2025-2026.<br><br><strong>Prensa Presidencial \/ Iliana Rosales<\/strong><\/p>\n","protected":false},"excerpt":{"rendered":"<p>Naiguat\u00e1, estado La Guaira.- En un acto que marc\u00f3 el inicio del a\u00f1o escolar 2025-2026, las autoridades de La Guaira entregaron la Escuela Francisco Lazo Mart\u00ed, un centro educativo que fue rehabilitado y que simboliza el avance en la recuperaci\u00f3n de la infraestructura educativa de la regi\u00f3n. El gobernador de la entidad, Jos\u00e9 Alejandro Ter\u00e1n, [&hellip;]<\/p>\n","protected":false},"author":1,"featured_media":23897,"comment_status":"open","ping_status":"open","sticky":false,"template":"","format":"standard","meta":{"footnotes":""},"categories":[18,7],"tags":[],"class_list":["post-23892","post","type-post","status-publish","format-standard","has-post-thumbnail","hentry","category-noticias-principales","category-notas-de-prensa"],"_links":{"self":[{"href":"https:\/\/prensapresidencialvenezuela.gob.ve\/index.php\/wp-json\/wp\/v2\/posts\/23892","targetHints":{"allow":["GET"]}}],"collection":[{"href":"https:\/\/prensapresidencialvenezuela.gob.ve\/index.php\/wp-json\/wp\/v2\/posts"}],"about":[{"href":"https:\/\/prensapresidencialvenezuela.gob.ve\/index.php\/wp-json\/wp\/v2\/types\/post"}],"author":[{"embeddable":true,"href":"https:\/\/prensapresidencialvenezuela.gob.ve\/index.php\/wp-json\/wp\/v2\/users\/1"}],"replies":[{"embeddable":true,"href":"https:\/\/prensapresidencialvenezuela.gob.ve\/index.php\/wp-json\/wp\/v2\/comments?post=23892"}],"version-history":[{"count":1,"href":"https:\/\/prensapresidencialvenezuela.gob.ve\/index.php\/wp-json\/wp\/v2\/posts\/23892\/revisions"}],"predecessor-version":[{"id":23898,"href":"https:\/\/prensapresidencialvenezuela.gob.ve\/index.php\/wp-json\/wp\/v2\/posts\/23892\/revisions\/23898"}],"wp:featuredmedia":[{"embeddable":true,"href":"https:\/\/prensapresidencialvenezuela.gob.ve\/index.php\/wp-json\/wp\/v2\/media\/23897"}],"wp:attachment":[{"href":"https:\/\/prensapresidencialvenezuela.gob.ve\/index.php\/wp-json\/wp\/v2\/media?parent=23892"}],"wp:term":[{"taxonomy":"category","embeddable":true,"href":"https:\/\/prensapresidencialvenezuela.gob.ve\/index.php\/wp-json\/wp\/v2\/categories?post=23892"},{"taxonomy":"post_tag","embeddable":true,"href":"https:\/\/prensapresidencialvenezuela.gob.ve\/index.php\/wp-json\/wp\/v2\/tags?post=23892"}],"curies":[{"name":"wp","href":"https:\/\/api.w.org\/{rel}","templated":true}]}}