{"id":23903,"date":"2025-09-15T13:30:32","date_gmt":"2025-09-15T17:30:32","guid":{"rendered":"https:\/\/prensapresidencialvenezuela.gob.ve\/?p=23903"},"modified":"2025-09-15T13:36:23","modified_gmt":"2025-09-15T17:36:23","slug":"en-breve-presidente-nicolas-maduro-se-pronuncia-ante-medios-de-comunicacion","status":"publish","type":"post","link":"https:\/\/prensapresidencialvenezuela.gob.ve\/index.php\/2025\/09\/15\/en-breve-presidente-nicolas-maduro-se-pronuncia-ante-medios-de-comunicacion\/","title":{"rendered":"Presidente Nicol\u00e1s Maduro se pronuncia ante medios de comunicaci\u00f3n"},"content":{"rendered":"\n<p><strong>Caracas, Venezuela-<\/strong> El presidente de la Rep\u00fablica Bolivariana de Venezuela, Nicol\u00e1s Maduro, lidera una rueda de prensa con la participaci\u00f3n de m\u00e1s de <strong>47 medios internacionales y 170 representaciones diplom\u00e1ticas<\/strong> de todo el mundo, conectadas v\u00eda Zoom. <\/p>\n\n\n\n<p>Se espera que el Mandatario Nacional aborde importantes temas de inter\u00e9s nacional y pol\u00edtico, en un contexto marcado por las operaciones de Estados Unidos en el Caribe, las cuales violan las normas internacionales y representan una provocaci\u00f3n deliberada contra la soberan\u00eda nacional. <\/p>\n\n\n\n<p>Se prev\u00e9 que la alocuci\u00f3n del Jefe de Estado se centre en los eventos m\u00e1s recientes que incluyen al asedio imperialista contra la naci\u00f3n, las sanciones y los ejercicios militares que ha realizado recientemente el Gobierno Bolivariano.<\/p>\n\n\n\n<p><strong>Prensa Presidencial\/ Iliana Rosales&nbsp;<\/strong><\/p>\n\n\n\n<p><\/p>\n","protected":false},"excerpt":{"rendered":"<p>Caracas, Venezuela- El presidente de la Rep\u00fablica Bolivariana de Venezuela, Nicol\u00e1s Maduro, lidera una rueda de prensa con la participaci\u00f3n de m\u00e1s de 47 medios internacionales y 170 representaciones diplom\u00e1ticas de todo el mundo, conectadas v\u00eda Zoom. Se espera que el Mandatario Nacional aborde importantes temas de inter\u00e9s nacional y pol\u00edtico, en un contexto marcado [&hellip;]<\/p>\n","protected":false},"author":1,"featured_media":23906,"comment_status":"open","ping_status":"open","sticky":false,"template":"","format":"standard","meta":{"footnotes":""},"categories":[18,7],"tags":[],"class_list":["post-23903","post","type-post","status-publish","format-standard","has-post-thumbnail","hentry","category-noticias-principales","category-notas-de-prensa"],"_links":{"self":[{"href":"https:\/\/prensapresidencialvenezuela.gob.ve\/index.php\/wp-json\/wp\/v2\/posts\/23903","targetHints":{"allow":["GET"]}}],"collection":[{"href":"https:\/\/prensapresidencialvenezuela.gob.ve\/index.php\/wp-json\/wp\/v2\/posts"}],"about":[{"href":"https:\/\/prensapresidencialvenezuela.gob.ve\/index.php\/wp-json\/wp\/v2\/types\/post"}],"author":[{"embeddable":true,"href":"https:\/\/prensapresidencialvenezuela.gob.ve\/index.php\/wp-json\/wp\/v2\/users\/1"}],"replies":[{"embeddable":true,"href":"https:\/\/prensapresidencialvenezuela.gob.ve\/index.php\/wp-json\/wp\/v2\/comments?post=23903"}],"version-history":[{"count":2,"href":"https:\/\/prensapresidencialvenezuela.gob.ve\/index.php\/wp-json\/wp\/v2\/posts\/23903\/revisions"}],"predecessor-version":[{"id":23908,"href":"https:\/\/prensapresidencialvenezuela.gob.ve\/index.php\/wp-json\/wp\/v2\/posts\/23903\/revisions\/23908"}],"wp:featuredmedia":[{"embeddable":true,"href":"https:\/\/prensapresidencialvenezuela.gob.ve\/index.php\/wp-json\/wp\/v2\/media\/23906"}],"wp:attachment":[{"href":"https:\/\/prensapresidencialvenezuela.gob.ve\/index.php\/wp-json\/wp\/v2\/media?parent=23903"}],"wp:term":[{"taxonomy":"category","embeddable":true,"href":"https:\/\/prensapresidencialvenezuela.gob.ve\/index.php\/wp-json\/wp\/v2\/categories?post=23903"},{"taxonomy":"post_tag","embeddable":true,"href":"https:\/\/prensapresidencialvenezuela.gob.ve\/index.php\/wp-json\/wp\/v2\/tags?post=23903"}],"curies":[{"name":"wp","href":"https:\/\/api.w.org\/{rel}","templated":true}]}}