{"id":23909,"date":"2025-09-15T13:49:41","date_gmt":"2025-09-15T17:49:41","guid":{"rendered":"https:\/\/prensapresidencialvenezuela.gob.ve\/?p=23909"},"modified":"2025-09-15T17:09:33","modified_gmt":"2025-09-15T21:09:33","slug":"venezuela-se-mantiene-en-la-gran-batalla-por-la-verdad-para-preservar-la-paz","status":"publish","type":"post","link":"https:\/\/prensapresidencialvenezuela.gob.ve\/index.php\/2025\/09\/15\/venezuela-se-mantiene-en-la-gran-batalla-por-la-verdad-para-preservar-la-paz\/","title":{"rendered":"Venezuela se mantiene en la gran batalla por la verdad, para preservar la paz"},"content":{"rendered":"\n<p><strong>Caracas, Venezuela- <\/strong>Este lunes, el presidente de la Rep\u00fablica Bolivariana de Venezuela, Nicol\u00e1s Maduro Moros, enfatiz\u00f3 que la naci\u00f3n venezolana est\u00e1 inmersa en una \u00abgran batalla por la verdad\u00bb, para preservar la paz; exhortando al mismo tiempo que los medios de comunicaci\u00f3n tienen que hacer un gran esfuerzo \u00e9tico para mostrar la verdad.<\/p>\n\n\n\n<p>En este sentido, se\u00f1al\u00f3 que, en este caso, debe ser la realidad de Venezuela, un pa\u00eds pac\u00edfico que con esmero y trabajo ha salido adelante; porque la respuesta del Gobierno Bolivariano siempre ser\u00e1 \u00abempoderar al pueblo, entrenar al pueblo y defender nuestra verdad\u00bb. \u00a0\u00a0\u00a0<\/p>\n\n\n\n<blockquote class=\"wp-block-quote is-layout-flow wp-block-quote-is-layout-flow\">\n<p>\u00abTenemos en la sangre que somos los libertadores y las libertadoras de este continente, lo digo con humildad, y con complacencia espiritual. No cultivamos el orgullo ni el ego, sino la complacencia espiritual (\u2026) a nosotros nadie nos ha regalado lo que tenemos, ni ayer, ni hoy. Nadie nos regal\u00f3 la independencia, la identidad de la Rep\u00fablica que conquistamos con empe\u00f1o\u00bb, expres\u00f3 el L\u00edder revolucionario con fervor y amor patri\u00f3tico.<\/p>\n<\/blockquote>\n\n\n\n<p>Esta informaci\u00f3n la suministr\u00f3 el Mandatario Nacional durante una rueda de prensa que ofreci\u00f3 a medios de comunicaci\u00f3n,  en la que resalt\u00f3 que los venezolanos son personas honestas y revolucionarias del siglo XXI, y que \u00abpor esa raz\u00f3n est\u00e1n siendo perseguidos\u00bb.<\/p>\n\n\n\n<p><strong>Prensa Presidencial\/ Irmary D\u00edaz<\/strong><\/p>\n","protected":false},"excerpt":{"rendered":"<p>Caracas, Venezuela- Este lunes, el presidente de la Rep\u00fablica Bolivariana de Venezuela, Nicol\u00e1s Maduro Moros, enfatiz\u00f3 que la naci\u00f3n venezolana est\u00e1 inmersa en una \u00abgran batalla por la verdad\u00bb, para preservar la paz; exhortando al mismo tiempo que los medios de comunicaci\u00f3n tienen que hacer un gran esfuerzo \u00e9tico para mostrar la verdad. En este [&hellip;]<\/p>\n","protected":false},"author":1,"featured_media":23910,"comment_status":"open","ping_status":"open","sticky":false,"template":"","format":"standard","meta":{"footnotes":""},"categories":[18,7],"tags":[],"class_list":["post-23909","post","type-post","status-publish","format-standard","has-post-thumbnail","hentry","category-noticias-principales","category-notas-de-prensa"],"_links":{"self":[{"href":"https:\/\/prensapresidencialvenezuela.gob.ve\/index.php\/wp-json\/wp\/v2\/posts\/23909","targetHints":{"allow":["GET"]}}],"collection":[{"href":"https:\/\/prensapresidencialvenezuela.gob.ve\/index.php\/wp-json\/wp\/v2\/posts"}],"about":[{"href":"https:\/\/prensapresidencialvenezuela.gob.ve\/index.php\/wp-json\/wp\/v2\/types\/post"}],"author":[{"embeddable":true,"href":"https:\/\/prensapresidencialvenezuela.gob.ve\/index.php\/wp-json\/wp\/v2\/users\/1"}],"replies":[{"embeddable":true,"href":"https:\/\/prensapresidencialvenezuela.gob.ve\/index.php\/wp-json\/wp\/v2\/comments?post=23909"}],"version-history":[{"count":1,"href":"https:\/\/prensapresidencialvenezuela.gob.ve\/index.php\/wp-json\/wp\/v2\/posts\/23909\/revisions"}],"predecessor-version":[{"id":23911,"href":"https:\/\/prensapresidencialvenezuela.gob.ve\/index.php\/wp-json\/wp\/v2\/posts\/23909\/revisions\/23911"}],"wp:featuredmedia":[{"embeddable":true,"href":"https:\/\/prensapresidencialvenezuela.gob.ve\/index.php\/wp-json\/wp\/v2\/media\/23910"}],"wp:attachment":[{"href":"https:\/\/prensapresidencialvenezuela.gob.ve\/index.php\/wp-json\/wp\/v2\/media?parent=23909"}],"wp:term":[{"taxonomy":"category","embeddable":true,"href":"https:\/\/prensapresidencialvenezuela.gob.ve\/index.php\/wp-json\/wp\/v2\/categories?post=23909"},{"taxonomy":"post_tag","embeddable":true,"href":"https:\/\/prensapresidencialvenezuela.gob.ve\/index.php\/wp-json\/wp\/v2\/tags?post=23909"}],"curies":[{"name":"wp","href":"https:\/\/api.w.org\/{rel}","templated":true}]}}