{"id":23912,"date":"2025-09-15T14:21:40","date_gmt":"2025-09-15T18:21:40","guid":{"rendered":"https:\/\/prensapresidencialvenezuela.gob.ve\/?p=23912"},"modified":"2025-09-15T14:21:40","modified_gmt":"2025-09-15T18:21:40","slug":"jefe-de-estado-revelo-haber-sido-amenazado-junto-a-miembros-de-su-gabinete","status":"publish","type":"post","link":"https:\/\/prensapresidencialvenezuela.gob.ve\/index.php\/2025\/09\/15\/jefe-de-estado-revelo-haber-sido-amenazado-junto-a-miembros-de-su-gabinete\/","title":{"rendered":"Jefe de Estado revel\u00f3 haber sido amenazado junto a miembros de su gabinete"},"content":{"rendered":"\n<p><strong>Caracas, Venezuela- <\/strong>El presidente de la Rep\u00fablica Bolivariana de Venezuela, Nicol\u00e1s Maduro Moros, ha expuesto que Venezuela en las \u00faltimas semanas ha recibido amenazas con la presencia de \u00abbarcos misil\u00edsticos y un submarino nuclear\u00bb , con la intenci\u00f3n de invasi\u00f3n y ocupaci\u00f3n del territorio venezolano.<\/p>\n\n\n\n<p>Asimismo, revel\u00f3 que en lo personal tambi\u00e9n ha recibido amenazas junto<strong> <\/strong>a miembros de su gabinete, como el ministro del Poder Popular para la Defensa, Vladimir Padrino L\u00f3pez. \u00a0<\/p>\n\n\n\n<figure class=\"wp-block-image size-large\"><img fetchpriority=\"high\" decoding=\"async\" width=\"1024\" height=\"649\" src=\"https:\/\/prensapresidencialvenezuela.gob.ve\/wp-content\/uploads\/2025\/09\/photo_5064655702533976148_y-1024x649.jpg\" alt=\"\" class=\"wp-image-23914\" srcset=\"https:\/\/prensapresidencialvenezuela.gob.ve\/wp-content\/uploads\/2025\/09\/photo_5064655702533976148_y-1024x649.jpg 1024w, https:\/\/prensapresidencialvenezuela.gob.ve\/wp-content\/uploads\/2025\/09\/photo_5064655702533976148_y-300x190.jpg 300w, https:\/\/prensapresidencialvenezuela.gob.ve\/wp-content\/uploads\/2025\/09\/photo_5064655702533976148_y-768x487.jpg 768w, https:\/\/prensapresidencialvenezuela.gob.ve\/wp-content\/uploads\/2025\/09\/photo_5064655702533976148_y.jpg 1280w\" sizes=\"(max-width: 1024px) 100vw, 1024px\" \/><\/figure>\n\n\n\n<p>En la misma l\u00ednea, el Presidente denunci\u00f3 ante los medios nacionales e internacionales que Venezuela enfrenta una \u00abagresi\u00f3n en toda la l\u00ednea\u00bb, y no una simple \u00abtensi\u00f3n\u00bb, como lo han rese\u00f1ado algunos medios de comunicaci\u00f3n. Reiterando al mismo tiempo, que esta agresi\u00f3n tiene un car\u00e1cter judicial, pol\u00edtico y militar, y que, por ello, la Naci\u00f3n se mantendr\u00e1n alerta para la defensa leg\u00edtima del pa\u00eds.<\/p>\n\n\n\n<p>Por otra parte, el Dignatario ha puntualizado que el pa\u00eds revolucionario siempre ha enfrentado con dignidad las agresiones dirigidas por el Gobierno de los Estados Unidos (EE.UU.) hacia Venezuela, con el objetivo de preservar la paz de los venezolanos y las venezolanas.<\/p>\n\n\n\n<p><strong>Prensa Presidencial\/ Irmary D\u00edaz<\/strong><\/p>\n","protected":false},"excerpt":{"rendered":"<p>Caracas, Venezuela- El presidente de la Rep\u00fablica Bolivariana de Venezuela, Nicol\u00e1s Maduro Moros, ha expuesto que Venezuela en las \u00faltimas semanas ha recibido amenazas con la presencia de \u00abbarcos misil\u00edsticos y un submarino nuclear\u00bb , con la intenci\u00f3n de invasi\u00f3n y ocupaci\u00f3n del territorio venezolano. Asimismo, revel\u00f3 que en lo personal tambi\u00e9n ha recibido amenazas [&hellip;]<\/p>\n","protected":false},"author":1,"featured_media":23913,"comment_status":"open","ping_status":"open","sticky":false,"template":"","format":"standard","meta":{"footnotes":""},"categories":[18,7],"tags":[],"class_list":["post-23912","post","type-post","status-publish","format-standard","has-post-thumbnail","hentry","category-noticias-principales","category-notas-de-prensa"],"_links":{"self":[{"href":"https:\/\/prensapresidencialvenezuela.gob.ve\/index.php\/wp-json\/wp\/v2\/posts\/23912","targetHints":{"allow":["GET"]}}],"collection":[{"href":"https:\/\/prensapresidencialvenezuela.gob.ve\/index.php\/wp-json\/wp\/v2\/posts"}],"about":[{"href":"https:\/\/prensapresidencialvenezuela.gob.ve\/index.php\/wp-json\/wp\/v2\/types\/post"}],"author":[{"embeddable":true,"href":"https:\/\/prensapresidencialvenezuela.gob.ve\/index.php\/wp-json\/wp\/v2\/users\/1"}],"replies":[{"embeddable":true,"href":"https:\/\/prensapresidencialvenezuela.gob.ve\/index.php\/wp-json\/wp\/v2\/comments?post=23912"}],"version-history":[{"count":1,"href":"https:\/\/prensapresidencialvenezuela.gob.ve\/index.php\/wp-json\/wp\/v2\/posts\/23912\/revisions"}],"predecessor-version":[{"id":23915,"href":"https:\/\/prensapresidencialvenezuela.gob.ve\/index.php\/wp-json\/wp\/v2\/posts\/23912\/revisions\/23915"}],"wp:featuredmedia":[{"embeddable":true,"href":"https:\/\/prensapresidencialvenezuela.gob.ve\/index.php\/wp-json\/wp\/v2\/media\/23913"}],"wp:attachment":[{"href":"https:\/\/prensapresidencialvenezuela.gob.ve\/index.php\/wp-json\/wp\/v2\/media?parent=23912"}],"wp:term":[{"taxonomy":"category","embeddable":true,"href":"https:\/\/prensapresidencialvenezuela.gob.ve\/index.php\/wp-json\/wp\/v2\/categories?post=23912"},{"taxonomy":"post_tag","embeddable":true,"href":"https:\/\/prensapresidencialvenezuela.gob.ve\/index.php\/wp-json\/wp\/v2\/tags?post=23912"}],"curies":[{"name":"wp","href":"https:\/\/api.w.org\/{rel}","templated":true}]}}