{"id":23916,"date":"2025-09-15T14:37:50","date_gmt":"2025-09-15T18:37:50","guid":{"rendered":"https:\/\/prensapresidencialvenezuela.gob.ve\/?p=23916"},"modified":"2025-09-15T15:51:56","modified_gmt":"2025-09-15T19:51:56","slug":"presidente-maduro-las-comunicaciones-con-los-ee-uu-estan-desechas","status":"publish","type":"post","link":"https:\/\/prensapresidencialvenezuela.gob.ve\/index.php\/2025\/09\/15\/presidente-maduro-las-comunicaciones-con-los-ee-uu-estan-desechas\/","title":{"rendered":"Presidente Maduro: \u00abLas comunicaciones con los EE.UU. est\u00e1n deshechas\u00bb"},"content":{"rendered":"\n<p><strong>Caracas, Venezuela.-<\/strong> Durante una rueda de prensa que ofreci\u00f3 este lunes, ante medios nacionales e internacionales, el presidente de la Rep\u00fablica Bolivariana de Venezuela, Nicol\u00e1s Maduro Moros, anunci\u00f3 que las comunicaciones establecidas con el Gobierno de los Estados Unidos llegaron a su fin, tras las constantes amenazas recibidas.<\/p>\n\n\n\n<p>Ante m\u00e1s de 170 medios de comunicaci\u00f3n social, explic\u00f3 que la comunicaci\u00f3n entre Venezuela y el Gobierno norteamericano estaban dadas por dos canales, un poco maltrechos, pero exist\u00edan.<\/p>\n\n\n\n<blockquote class=\"wp-block-quote is-layout-flow wp-block-quote-is-layout-flow\">\n<p>En este contexto, dijo: \u00abLas comunicaciones con los Estados Unidos est\u00e1n deshechas por ellos, por sus amenazas de bombas, muerte y chantajes, y as\u00ed no funcionamos nosotros. Con amenazas y por las malas, nunca jam\u00e1s habr\u00e1 nada y lo saben. Pasaron de una etapa de relaciones maltrechas de comunicaci\u00f3n a deshechas y la historia continuar\u00e1\u00bb.<\/p>\n<\/blockquote>\n\n\n\n<p>Para el presidente Nicol\u00e1s Maduro, el Gobierno de Venezuela ha hecho un gran esfuerzo por mantener el di\u00e1logo con el Gobierno estadounidense durante los \u00faltimos a\u00f1os, solo que con la actual administraci\u00f3n ha sido dif\u00edcil lograr \u00abalgo para bien\u00bb.<\/p>\n\n\n\n<p>El Mandatario nacional precis\u00f3 sobre la opini\u00f3n que tiene el presidente Donald Trump sobre la pol\u00edtica interna de Venezuela: \u00abNadie debe opinar de nuestro pa\u00eds (\u2026) Es preferible que sobre esos temas cada quien se ocupe de su pa\u00eds\u00bb.<\/p>\n\n\n\n<p><strong>Casa Blanca deber\u00e1 verificar el video de los 11 tripulantes<\/strong><\/p>\n\n\n\n<p>Ante la pregunta formulada por la periodista Isayen Herrera del diario <em>New York Times, <\/em>sobre el ataque que recibi\u00f3 una embarcaci\u00f3n presuntamente venezolana el pasado 02 de septiembre, el Jefe de Estado dijo que el video de los 11 tripulantes en el Mar Caribe merece la m\u00e1s alta revisi\u00f3n de la Casa Blanca; ya que el mismo fue publicado en las redes sociales del presidente Donald Trump.<\/p>\n\n\n\n<p>En una revisi\u00f3n exhaustiva, realizada por los cuerpos de seguridad del Estado, el mismo arroja haber sido manipulado por Inteligencia Artificial, la cual fue reportada por las mismas aplicaciones tecnol\u00f3gicas.<\/p>\n\n\n\n<blockquote class=\"wp-block-quote is-layout-flow wp-block-quote-is-layout-flow\">\n<p>\u00abEl primero que tiene que investigar es el propio Presidente de los Estados Unidos (\u2026), debe ordenar una investigaci\u00f3n dirigida por \u00e9l, sobre qui\u00e9n le dio ese video, porque fue muy grave que le entregaran al Presidente de Estados Unidos, en una rueda de prensa, un video; lo sacaran en la cuenta de Trump Social sin verificar los datos, porque pusieron palabras muy fuertes en la boca del Presidente de Estados Unidos. \u00c9l fue el que anunci\u00f3 que hab\u00eda 11 muertos, m\u00e1s nadie anunci\u00f3 eso\u00bb, explic\u00f3 detalladamente el Presidente venezolano.<\/p>\n<\/blockquote>\n\n\n\n<p>Inst\u00f3 a las autoridades estadounidense a asumir las responsabilidades del caso, mientras que el Gobierno de Venezuela no entrar\u00e1 en el debate mundial, bajo las tres hip\u00f3tesis que han manejado sobre el caso.<\/p>\n\n\n\n<p><strong>Prensa Presidencial\/Claudia Guerra M\u00e9ndez<\/strong><\/p>\n\n\n\n<p><\/p>\n","protected":false},"excerpt":{"rendered":"<p>Caracas, Venezuela.- Durante una rueda de prensa que ofreci\u00f3 este lunes, ante medios nacionales e internacionales, el presidente de la Rep\u00fablica Bolivariana de Venezuela, Nicol\u00e1s Maduro Moros, anunci\u00f3 que las comunicaciones establecidas con el Gobierno de los Estados Unidos llegaron a su fin, tras las constantes amenazas recibidas. Ante m\u00e1s de 170 medios de comunicaci\u00f3n [&hellip;]<\/p>\n","protected":false},"author":1,"featured_media":23917,"comment_status":"open","ping_status":"open","sticky":false,"template":"","format":"standard","meta":{"footnotes":""},"categories":[18,7],"tags":[],"class_list":["post-23916","post","type-post","status-publish","format-standard","has-post-thumbnail","hentry","category-noticias-principales","category-notas-de-prensa"],"_links":{"self":[{"href":"https:\/\/prensapresidencialvenezuela.gob.ve\/index.php\/wp-json\/wp\/v2\/posts\/23916","targetHints":{"allow":["GET"]}}],"collection":[{"href":"https:\/\/prensapresidencialvenezuela.gob.ve\/index.php\/wp-json\/wp\/v2\/posts"}],"about":[{"href":"https:\/\/prensapresidencialvenezuela.gob.ve\/index.php\/wp-json\/wp\/v2\/types\/post"}],"author":[{"embeddable":true,"href":"https:\/\/prensapresidencialvenezuela.gob.ve\/index.php\/wp-json\/wp\/v2\/users\/1"}],"replies":[{"embeddable":true,"href":"https:\/\/prensapresidencialvenezuela.gob.ve\/index.php\/wp-json\/wp\/v2\/comments?post=23916"}],"version-history":[{"count":4,"href":"https:\/\/prensapresidencialvenezuela.gob.ve\/index.php\/wp-json\/wp\/v2\/posts\/23916\/revisions"}],"predecessor-version":[{"id":23924,"href":"https:\/\/prensapresidencialvenezuela.gob.ve\/index.php\/wp-json\/wp\/v2\/posts\/23916\/revisions\/23924"}],"wp:featuredmedia":[{"embeddable":true,"href":"https:\/\/prensapresidencialvenezuela.gob.ve\/index.php\/wp-json\/wp\/v2\/media\/23917"}],"wp:attachment":[{"href":"https:\/\/prensapresidencialvenezuela.gob.ve\/index.php\/wp-json\/wp\/v2\/media?parent=23916"}],"wp:term":[{"taxonomy":"category","embeddable":true,"href":"https:\/\/prensapresidencialvenezuela.gob.ve\/index.php\/wp-json\/wp\/v2\/categories?post=23916"},{"taxonomy":"post_tag","embeddable":true,"href":"https:\/\/prensapresidencialvenezuela.gob.ve\/index.php\/wp-json\/wp\/v2\/tags?post=23916"}],"curies":[{"name":"wp","href":"https:\/\/api.w.org\/{rel}","templated":true}]}}