{"id":23926,"date":"2025-09-15T16:05:47","date_gmt":"2025-09-15T20:05:47","guid":{"rendered":"https:\/\/prensapresidencialvenezuela.gob.ve\/?p=23926"},"modified":"2025-09-15T18:03:00","modified_gmt":"2025-09-15T22:03:00","slug":"trabajaran-en-la-creacion-de-un-filme-sobre-los-252-venezolanos-liberados-de-la-tortura-en-el-salvador","status":"publish","type":"post","link":"https:\/\/prensapresidencialvenezuela.gob.ve\/index.php\/2025\/09\/15\/trabajaran-en-la-creacion-de-un-filme-sobre-los-252-venezolanos-liberados-de-la-tortura-en-el-salvador\/","title":{"rendered":"Gobierno Bolivariano insta producir una pel\u00edcula que cuente la verdad de los migrantes torturados en el CECOT"},"content":{"rendered":"\n<p><strong>Caracas, Venezuela.- <\/strong>Durante una rueda de prensa ofrecida a medios de comunicaci\u00f3n nacionales e internacionales, el presidente de la Rep\u00fablica Bolivariana de Venezuela, Nicol\u00e1s Maduro Moros, se\u00f1al\u00f3 que \u00abtodos los migrantes son una alt\u00edsima prioridad para la familia venezolana\u00bb, y que a pesar de los ataques y amenazas que ha recibido la Naci\u00f3n por parte de los Estados Unidos, siempre se mantendr\u00e1 unida y empoderada \u00a0para la defensa de la Patria.<\/p>\n\n\n\n<p>En este sentido, el Jefe de Estado inst\u00f3 a las diferentes autoridades nacionales a crear un filme sobre el secuestro, tortura y liberaci\u00f3n de los 252 venezolanos que estuvieron secuestrados en el Campo de Concentraci\u00f3n de El Salvador (CECOT).<\/p>\n\n\n\n<p>\u00abLa gente quiere ver y la verdad\u00bb, experimentar lo qu\u00e9 es realmente, porque \u00absi uno no experimenta lo que es la verdad, uno sencillamente es un fraude (\u2026), enfatiz\u00f3 el Presidente Maduro.<\/p>\n\n\n\n<p>En este orden de ideas, es importante recordar que el pasado 18 de julio, como parte del Plan Vuelta a la Patria, estos venezolanos pudieron regresar a su pa\u00eds, luego de haber sido detenidos en el en El Salvador, sin haber sido procesados formalmente ni presentados ante ning\u00fan juez.<\/p>\n\n\n\n<p><strong>\u00abA todos los vamos a rescatar, a todos los vamos a traer\u00bb.<\/strong><\/p>\n\n\n\n<p>Con relaci\u00f3n a los migrantes, adem\u00e1s de los ni\u00f1os y ni\u00f1as que mantienen retenidos en los Estados Unidos, el presidente Nicol\u00e1s Maduro, denunci\u00f3 que el gobierno norteamericano a\u00fan tiene a m\u00e1s de 60 ni\u00f1os y ni\u00f1as de edades tempranas, que no han entregado y han sido arrebatados de los brazos de sus familiares.<\/p>\n\n\n\n<p><em>Por tanto, el Mandatario Nacional asever\u00f3 que Volker<\/em>&nbsp;T\u00fcrk, Alto Comisionado de las Naciones Unidas para los Derechos Humanos, en cuanto a Venezuela, solo opina lo que \u00able manda en Departamento de Estado escrito (\u2026)\u00bb, y que, respecto a los ni\u00f1os secuestrados, \u00abT\u00fcrk dice, esta boca no es m\u00eda\u00bb.<\/p>\n\n\n\n<p><em><strong>Prensa Presidencial\/ Irmary D\u00edaz <\/strong><\/em><em><strong><\/strong><\/em><\/p>\n\n\n\n<p><\/p>\n","protected":false},"excerpt":{"rendered":"<p>Caracas, Venezuela.- Durante una rueda de prensa ofrecida a medios de comunicaci\u00f3n nacionales e internacionales, el presidente de la Rep\u00fablica Bolivariana de Venezuela, Nicol\u00e1s Maduro Moros, se\u00f1al\u00f3 que \u00abtodos los migrantes son una alt\u00edsima prioridad para la familia venezolana\u00bb, y que a pesar de los ataques y amenazas que ha recibido la Naci\u00f3n por parte [&hellip;]<\/p>\n","protected":false},"author":1,"featured_media":23920,"comment_status":"open","ping_status":"open","sticky":false,"template":"","format":"standard","meta":{"footnotes":""},"categories":[18,7],"tags":[],"class_list":["post-23926","post","type-post","status-publish","format-standard","has-post-thumbnail","hentry","category-noticias-principales","category-notas-de-prensa"],"_links":{"self":[{"href":"https:\/\/prensapresidencialvenezuela.gob.ve\/index.php\/wp-json\/wp\/v2\/posts\/23926","targetHints":{"allow":["GET"]}}],"collection":[{"href":"https:\/\/prensapresidencialvenezuela.gob.ve\/index.php\/wp-json\/wp\/v2\/posts"}],"about":[{"href":"https:\/\/prensapresidencialvenezuela.gob.ve\/index.php\/wp-json\/wp\/v2\/types\/post"}],"author":[{"embeddable":true,"href":"https:\/\/prensapresidencialvenezuela.gob.ve\/index.php\/wp-json\/wp\/v2\/users\/1"}],"replies":[{"embeddable":true,"href":"https:\/\/prensapresidencialvenezuela.gob.ve\/index.php\/wp-json\/wp\/v2\/comments?post=23926"}],"version-history":[{"count":5,"href":"https:\/\/prensapresidencialvenezuela.gob.ve\/index.php\/wp-json\/wp\/v2\/posts\/23926\/revisions"}],"predecessor-version":[{"id":23951,"href":"https:\/\/prensapresidencialvenezuela.gob.ve\/index.php\/wp-json\/wp\/v2\/posts\/23926\/revisions\/23951"}],"wp:featuredmedia":[{"embeddable":true,"href":"https:\/\/prensapresidencialvenezuela.gob.ve\/index.php\/wp-json\/wp\/v2\/media\/23920"}],"wp:attachment":[{"href":"https:\/\/prensapresidencialvenezuela.gob.ve\/index.php\/wp-json\/wp\/v2\/media?parent=23926"}],"wp:term":[{"taxonomy":"category","embeddable":true,"href":"https:\/\/prensapresidencialvenezuela.gob.ve\/index.php\/wp-json\/wp\/v2\/categories?post=23926"},{"taxonomy":"post_tag","embeddable":true,"href":"https:\/\/prensapresidencialvenezuela.gob.ve\/index.php\/wp-json\/wp\/v2\/tags?post=23926"}],"curies":[{"name":"wp","href":"https:\/\/api.w.org\/{rel}","templated":true}]}}