{"id":23931,"date":"2025-09-15T16:11:55","date_gmt":"2025-09-15T20:11:55","guid":{"rendered":"https:\/\/prensapresidencialvenezuela.gob.ve\/?p=23931"},"modified":"2025-09-15T16:11:55","modified_gmt":"2025-09-15T20:11:55","slug":"nueva-embarcacion-con-3-600-kg-de-cocaina-fue-incautada-este-lunes-por-la-seguridad-venezolana","status":"publish","type":"post","link":"https:\/\/prensapresidencialvenezuela.gob.ve\/index.php\/2025\/09\/15\/nueva-embarcacion-con-3-600-kg-de-cocaina-fue-incautada-este-lunes-por-la-seguridad-venezolana\/","title":{"rendered":"Nueva embarcaci\u00f3n con 3 600 kg de coca\u00edna fue incautada este lunes por la seguridad venezolana"},"content":{"rendered":"\n<p><strong>Caracas, Venezuela.- <\/strong>En tiempo real, delante de los medios de comunicaci\u00f3n social, nacional e internacionales, el presidente Nicol\u00e1s Maduro inform\u00f3 que, este lunes, los cuerpos de seguridad venezolanos incautaron una nueva embarcaci\u00f3n con 3 600 kilogramos de coca\u00edna en aguas venezolanas.<\/p>\n\n\n\n<p>Asegur\u00f3 el Mandatario nacional que, minutos antes de iniciar la rueda de prensa, fueron capturados los narcotraficantes de la lancha junto al producto y, seguidamente, se proceder\u00e1 a los mecanismos de destrucci\u00f3n de estas drogas.<\/p>\n\n\n\n<blockquote class=\"wp-block-quote is-layout-flow wp-block-quote-is-layout-flow\">\n<p>\u00abFueron rodeados. Se utiliz\u00f3 la fuerza proporcional que manda la justicia y fueron capturados\u00bb, expres\u00f3 el presidente Maduro con especial \u00e9nfasis, ante los periodistas, para informar sobre las acciones y esfuerzos que el Gobierno de Venezuela realiza en su lucha antinarc\u00f3tica.<\/p>\n<\/blockquote>\n\n\n\n<p><strong>Prensa Presidencial\/Claudia Guerra M\u00e9ndez<\/strong><\/p>\n","protected":false},"excerpt":{"rendered":"<p>Caracas, Venezuela.- En tiempo real, delante de los medios de comunicaci\u00f3n social, nacional e internacionales, el presidente Nicol\u00e1s Maduro inform\u00f3 que, este lunes, los cuerpos de seguridad venezolanos incautaron una nueva embarcaci\u00f3n con 3 600 kilogramos de coca\u00edna en aguas venezolanas. Asegur\u00f3 el Mandatario nacional que, minutos antes de iniciar la rueda de prensa, fueron [&hellip;]<\/p>\n","protected":false},"author":1,"featured_media":23932,"comment_status":"open","ping_status":"open","sticky":false,"template":"","format":"standard","meta":{"footnotes":""},"categories":[18,7],"tags":[],"class_list":["post-23931","post","type-post","status-publish","format-standard","has-post-thumbnail","hentry","category-noticias-principales","category-notas-de-prensa"],"_links":{"self":[{"href":"https:\/\/prensapresidencialvenezuela.gob.ve\/index.php\/wp-json\/wp\/v2\/posts\/23931","targetHints":{"allow":["GET"]}}],"collection":[{"href":"https:\/\/prensapresidencialvenezuela.gob.ve\/index.php\/wp-json\/wp\/v2\/posts"}],"about":[{"href":"https:\/\/prensapresidencialvenezuela.gob.ve\/index.php\/wp-json\/wp\/v2\/types\/post"}],"author":[{"embeddable":true,"href":"https:\/\/prensapresidencialvenezuela.gob.ve\/index.php\/wp-json\/wp\/v2\/users\/1"}],"replies":[{"embeddable":true,"href":"https:\/\/prensapresidencialvenezuela.gob.ve\/index.php\/wp-json\/wp\/v2\/comments?post=23931"}],"version-history":[{"count":1,"href":"https:\/\/prensapresidencialvenezuela.gob.ve\/index.php\/wp-json\/wp\/v2\/posts\/23931\/revisions"}],"predecessor-version":[{"id":23933,"href":"https:\/\/prensapresidencialvenezuela.gob.ve\/index.php\/wp-json\/wp\/v2\/posts\/23931\/revisions\/23933"}],"wp:featuredmedia":[{"embeddable":true,"href":"https:\/\/prensapresidencialvenezuela.gob.ve\/index.php\/wp-json\/wp\/v2\/media\/23932"}],"wp:attachment":[{"href":"https:\/\/prensapresidencialvenezuela.gob.ve\/index.php\/wp-json\/wp\/v2\/media?parent=23931"}],"wp:term":[{"taxonomy":"category","embeddable":true,"href":"https:\/\/prensapresidencialvenezuela.gob.ve\/index.php\/wp-json\/wp\/v2\/categories?post=23931"},{"taxonomy":"post_tag","embeddable":true,"href":"https:\/\/prensapresidencialvenezuela.gob.ve\/index.php\/wp-json\/wp\/v2\/tags?post=23931"}],"curies":[{"name":"wp","href":"https:\/\/api.w.org\/{rel}","templated":true}]}}