{"id":23937,"date":"2025-09-15T16:50:43","date_gmt":"2025-09-15T20:50:43","guid":{"rendered":"https:\/\/prensapresidencialvenezuela.gob.ve\/?p=23937"},"modified":"2025-09-15T16:50:44","modified_gmt":"2025-09-15T20:50:44","slug":"zona-economica-exclusiva-entre-venezuela-y-paises-vecinos-se-mantiene-activa","status":"publish","type":"post","link":"https:\/\/prensapresidencialvenezuela.gob.ve\/index.php\/2025\/09\/15\/zona-economica-exclusiva-entre-venezuela-y-paises-vecinos-se-mantiene-activa\/","title":{"rendered":"Zona Econ\u00f3mica Exclusiva entre Venezuela y pa\u00edses vecinos se mantiene activa"},"content":{"rendered":"\n<p><strong>Caracas, Venezuela.- <\/strong>Entre las inquietudes de los periodistas que asistieron a la rueda de prensa con medios nacionales e internacionales, el presidente de la Rep\u00fablica Bolivariana, Nicol\u00e1s Maduro Moros, fue abordado sobre la actividad de la Zona Econ\u00f3mica Exclusiva, que involucra a pa\u00edses vecinos. Al respecto, indic\u00f3 que cada uno de los movimientos de las embarcaciones son previamente coordinados con los pa\u00edses involucrados y hasta el momento se han respetado los protocolos establecidos.<\/p>\n\n\n\n<p>No obstante, explic\u00f3 que el comportamiento del Gobierno de los EE.UU. sobre \u00e1reas en las que no tiene competencia, es inusual. \u00abEl \u00fanico que viola consuetudinariamente las leyes internacionales, del paso de buques por la Zona Econ\u00f3mica Exclusiva de muchos pa\u00edses del continente, es Estados Unidos\u00bb.<\/p>\n\n\n\n<p>El presidente Maduro asegur\u00f3 que estas acciones imperialistas no solo se dan con Venezuela, sino con varios pa\u00edses del continente. \u00abNosotros le hemos puesto coto durante a\u00f1os a eso, con el ejercicio de nuestra soberan\u00eda por parte de nuestra Armada\u00bb, precis\u00f3 sobre estas acciones desmedidas.<\/p>\n\n\n\n<p><strong>Trinidad y Tobago fijan postura<\/strong><\/p>\n\n\n\n<p>Sobre los recientes pronunciamientos de la primera ministra de Trinidad y Tobago, Kamla Persad-Bissessar, el Jefe de Estado calific\u00f3 como un acto de locura que autorice ataques contra el pa\u00eds, declar\u00e1ndole casi la guerra a Venezuela.<\/p>\n\n\n\n<blockquote class=\"wp-block-quote is-layout-flow wp-block-quote-is-layout-flow\">\n<p>\u00abYo estoy seguro que el pueblo de Trinidad y Tobago est\u00e1 en contra, completamente, somos pa\u00edses vecinos\u00bb, dijo el Presidente Maduro, al tiempo en que record\u00f3 que, pocos a\u00f1os antes de la independencia de Venezuela, ambos pa\u00edses eran una sola comunidad.<\/p>\n<\/blockquote>\n\n\n\n<p>Prosigui\u00f3 el Mandatario Nacional&nbsp; indicando que la representante del vecino pa\u00eds sigue las \u00f3rdenes del imperio norteamericano, especialmente de Marco Rubio, \u00abel se\u00f1or de la muerte y la guerra\u00bb.<\/p>\n\n\n\n<p>\u00abPor donde pase hay muerte, hay bombas, hay ni\u00f1os asesinados, Marco Rubio: El se\u00f1or de la muerte y de la guerra, del odio. Entonces bueno, Trinidad y Tobago, todos sus sectores sociales, pol\u00edticos, culturales, econ\u00f3micos y su pueblo tienen que imponer, otra vez, relaciones de respeto; as\u00ed de sencillo\u00bb, puntualiz\u00f3 el Presidente Nicol\u00e1s Maduro.<\/p>\n\n\n\n<h2 class=\"wp-block-heading\">Como cierre a este tema, el Dignatario nacional dijo que la Fuerza Armada Nacional Bolivariana ya ha anunciado que se tienen planes de defensa escalados. \u00abVenezuela puede tener la seguridad absoluta, que nosotros vamos a garantizar nuestra soberan\u00eda y a preservar la paz de nuestro pa\u00eds\u00bb.<\/h2>\n\n\n\n<p><strong>Prensa Presidencial\/Claudia Guerra M\u00e9ndez<\/strong><\/p>\n","protected":false},"excerpt":{"rendered":"<p>Caracas, Venezuela.- Entre las inquietudes de los periodistas que asistieron a la rueda de prensa con medios nacionales e internacionales, el presidente de la Rep\u00fablica Bolivariana, Nicol\u00e1s Maduro Moros, fue abordado sobre la actividad de la Zona Econ\u00f3mica Exclusiva, que involucra a pa\u00edses vecinos. Al respecto, indic\u00f3 que cada uno de los movimientos de las [&hellip;]<\/p>\n","protected":false},"author":1,"featured_media":23938,"comment_status":"open","ping_status":"open","sticky":false,"template":"","format":"standard","meta":{"footnotes":""},"categories":[18,7],"tags":[],"class_list":["post-23937","post","type-post","status-publish","format-standard","has-post-thumbnail","hentry","category-noticias-principales","category-notas-de-prensa"],"_links":{"self":[{"href":"https:\/\/prensapresidencialvenezuela.gob.ve\/index.php\/wp-json\/wp\/v2\/posts\/23937","targetHints":{"allow":["GET"]}}],"collection":[{"href":"https:\/\/prensapresidencialvenezuela.gob.ve\/index.php\/wp-json\/wp\/v2\/posts"}],"about":[{"href":"https:\/\/prensapresidencialvenezuela.gob.ve\/index.php\/wp-json\/wp\/v2\/types\/post"}],"author":[{"embeddable":true,"href":"https:\/\/prensapresidencialvenezuela.gob.ve\/index.php\/wp-json\/wp\/v2\/users\/1"}],"replies":[{"embeddable":true,"href":"https:\/\/prensapresidencialvenezuela.gob.ve\/index.php\/wp-json\/wp\/v2\/comments?post=23937"}],"version-history":[{"count":1,"href":"https:\/\/prensapresidencialvenezuela.gob.ve\/index.php\/wp-json\/wp\/v2\/posts\/23937\/revisions"}],"predecessor-version":[{"id":23939,"href":"https:\/\/prensapresidencialvenezuela.gob.ve\/index.php\/wp-json\/wp\/v2\/posts\/23937\/revisions\/23939"}],"wp:featuredmedia":[{"embeddable":true,"href":"https:\/\/prensapresidencialvenezuela.gob.ve\/index.php\/wp-json\/wp\/v2\/media\/23938"}],"wp:attachment":[{"href":"https:\/\/prensapresidencialvenezuela.gob.ve\/index.php\/wp-json\/wp\/v2\/media?parent=23937"}],"wp:term":[{"taxonomy":"category","embeddable":true,"href":"https:\/\/prensapresidencialvenezuela.gob.ve\/index.php\/wp-json\/wp\/v2\/categories?post=23937"},{"taxonomy":"post_tag","embeddable":true,"href":"https:\/\/prensapresidencialvenezuela.gob.ve\/index.php\/wp-json\/wp\/v2\/tags?post=23937"}],"curies":[{"name":"wp","href":"https:\/\/api.w.org\/{rel}","templated":true}]}}