{"id":23945,"date":"2025-09-15T17:33:22","date_gmt":"2025-09-15T21:33:22","guid":{"rendered":"https:\/\/prensapresidencialvenezuela.gob.ve\/?p=23945"},"modified":"2025-09-15T19:15:38","modified_gmt":"2025-09-15T23:15:38","slug":"venezuela-no-acatara-guerra-psicologica-chantajes-y-amenazas-de-ee-uu","status":"publish","type":"post","link":"https:\/\/prensapresidencialvenezuela.gob.ve\/index.php\/2025\/09\/15\/venezuela-no-acatara-guerra-psicologica-chantajes-y-amenazas-de-ee-uu\/","title":{"rendered":"Venezuela no acatar\u00e1 guerra psicol\u00f3gica, chantajes ni amenazas de EE.UU."},"content":{"rendered":"\n<p><strong>Caracas, Venezuela.-<\/strong> En respuesta a la pregunta realizada por la periodista Osmary Hern\u00e1ndez, de CNN en Espa\u00f1ol, sobre el l\u00edmite que podr\u00eda generar un cambio de la v\u00eda diplom\u00e1tica a otro tipo de medidas entre Venezuela y los EE.UU., el presidente de la Rep\u00fablica Bolivariana de Venezuela, Nicol\u00e1s Maduro Moros, enfatiz\u00f3 que en Venezuela no funciona con guerra psicol\u00f3gica ni con chantajes y amenazas. \u00abNosotros funcionamos con la palabra, con la verdad\u00bb para referirse a la compleja relaci\u00f3n que se puede establecer con el gobierno estadounidense.<\/p>\n\n\n\n<p>Ante los periodistas, sugiri\u00f3 que entre ambos mandatarios podr\u00eda abrirse un debate en el que se discutan temas de inter\u00e9s. \u00abSer\u00eda algo hasta provechoso que se abriera un debate entre el Presidente de Estados Unidos y mi persona, Presidente Constitucional de la Rep\u00fablica Bolivariana de Venezuela, sobre la democracia, por ejemplo. Sobre la econom\u00eda, sobre el modelo mundial, sobre el derecho a la paz; por ejemplo, ser\u00eda edificante. Aunque esto no pasa m\u00e1s all\u00e1 de este comentario, eso jam\u00e1s se va a dar\u00bb.<\/p>\n\n\n\n<p>Sobre cu\u00e1l es el l\u00edmite que pudiera cambiar la situaci\u00f3n entre ambas naciones, el Presidente Nicol\u00e1s Maduro dijo que hay varios l\u00edmites, no es uno solo. \u00abCuando hay un proceso de estos en desarrollo, sencillamente uno tiene que cuidar los detalles, y uno tiene que prepararse f\u00e9rreamente para con serenidad enfrentar lo que venga, cuando venga y como venga\u00bb, expres\u00f3.<\/p>\n\n\n\n<p>Bajo su consigna \u00abcon nervios de acero\u00bb, el Jefe de Estado venezolano explic\u00f3 que el pueblo venezolano se ha organizado y est\u00e1 aprovechando el tiempo. \u00abHoy Venezuela tiene m\u00e1s poder nacional, hoy Venezuela est\u00e1 m\u00e1s unida. Hoy Venezuela est\u00e1 m\u00e1s preparada para preservar, en cualquier circunstancia, si nos tocara ir a la lucha armada, preservar el pa\u00eds, su independencia, y construir la paz en las nuevas circunstancias. Hoy estamos m\u00e1s fuertes que ayer, mucho m\u00e1s fuertes que ayer, much\u00edsimos m\u00e1s fuertes que ayer, y deseando lo que siempre deseamos: la paz. Y amando y preservando el bien m\u00e1s hermoso que hay: la paz\u00bb, concluy\u00f3 el Presidente Maduro sobre la intervenci\u00f3n.<\/p>\n\n\n\n<p><strong>Prensa Presidencial\/Claudia Guerra M\u00e9ndez<\/strong><\/p>\n","protected":false},"excerpt":{"rendered":"<p>Caracas, Venezuela.- En respuesta a la pregunta realizada por la periodista Osmary Hern\u00e1ndez, de CNN en Espa\u00f1ol, sobre el l\u00edmite que podr\u00eda generar un cambio de la v\u00eda diplom\u00e1tica a otro tipo de medidas entre Venezuela y los EE.UU., el presidente de la Rep\u00fablica Bolivariana de Venezuela, Nicol\u00e1s Maduro Moros, enfatiz\u00f3 que en Venezuela no [&hellip;]<\/p>\n","protected":false},"author":1,"featured_media":23946,"comment_status":"open","ping_status":"open","sticky":false,"template":"","format":"standard","meta":{"footnotes":""},"categories":[18,7],"tags":[],"class_list":["post-23945","post","type-post","status-publish","format-standard","has-post-thumbnail","hentry","category-noticias-principales","category-notas-de-prensa"],"_links":{"self":[{"href":"https:\/\/prensapresidencialvenezuela.gob.ve\/index.php\/wp-json\/wp\/v2\/posts\/23945","targetHints":{"allow":["GET"]}}],"collection":[{"href":"https:\/\/prensapresidencialvenezuela.gob.ve\/index.php\/wp-json\/wp\/v2\/posts"}],"about":[{"href":"https:\/\/prensapresidencialvenezuela.gob.ve\/index.php\/wp-json\/wp\/v2\/types\/post"}],"author":[{"embeddable":true,"href":"https:\/\/prensapresidencialvenezuela.gob.ve\/index.php\/wp-json\/wp\/v2\/users\/1"}],"replies":[{"embeddable":true,"href":"https:\/\/prensapresidencialvenezuela.gob.ve\/index.php\/wp-json\/wp\/v2\/comments?post=23945"}],"version-history":[{"count":2,"href":"https:\/\/prensapresidencialvenezuela.gob.ve\/index.php\/wp-json\/wp\/v2\/posts\/23945\/revisions"}],"predecessor-version":[{"id":23960,"href":"https:\/\/prensapresidencialvenezuela.gob.ve\/index.php\/wp-json\/wp\/v2\/posts\/23945\/revisions\/23960"}],"wp:featuredmedia":[{"embeddable":true,"href":"https:\/\/prensapresidencialvenezuela.gob.ve\/index.php\/wp-json\/wp\/v2\/media\/23946"}],"wp:attachment":[{"href":"https:\/\/prensapresidencialvenezuela.gob.ve\/index.php\/wp-json\/wp\/v2\/media?parent=23945"}],"wp:term":[{"taxonomy":"category","embeddable":true,"href":"https:\/\/prensapresidencialvenezuela.gob.ve\/index.php\/wp-json\/wp\/v2\/categories?post=23945"},{"taxonomy":"post_tag","embeddable":true,"href":"https:\/\/prensapresidencialvenezuela.gob.ve\/index.php\/wp-json\/wp\/v2\/tags?post=23945"}],"curies":[{"name":"wp","href":"https:\/\/api.w.org\/{rel}","templated":true}]}}