{"id":23953,"date":"2025-09-15T18:15:53","date_gmt":"2025-09-15T22:15:53","guid":{"rendered":"https:\/\/prensapresidencialvenezuela.gob.ve\/?p=23953"},"modified":"2025-09-15T18:15:55","modified_gmt":"2025-09-15T22:15:55","slug":"encuesta-revela-que-68-de-estadounidenses-no-quieren-otra-guerra","status":"publish","type":"post","link":"https:\/\/prensapresidencialvenezuela.gob.ve\/index.php\/2025\/09\/15\/encuesta-revela-que-68-de-estadounidenses-no-quieren-otra-guerra\/","title":{"rendered":"Encuesta revela que 68% de estadounidenses no quieren otra guerra"},"content":{"rendered":"\n<p><strong>Caracas, Venezuela. &#8211;<\/strong>El 68% de los ciudadanos estadounidenses se opone a que su pa\u00eds inicie otra guerra, un dato revelado por el presidente de la Rep\u00fablica Bolivariana de Venezuela, Nicol\u00e1s Maduro, en una rueda de prensa ante medios internacionales. El Jefe de Estado present\u00f3 este porcentaje como una se\u00f1al de la creciente oposici\u00f3n interna a la pol\u00edtica b\u00e9lica de Washington.<\/p>\n\n\n\n<p>El Mandatario venezolano hizo referencia a una encuesta donde \u00abla inmensa mayor\u00eda de los independientes, dem\u00f3cratas y republicanos\u00bb rechazan la idea de entrar en nuevos conflictos armados.<\/p>\n\n\n\n<p>En este contexto, el jefe de Estado hizo un llamado a la conciencia p\u00fablica en Estados Unidos, con la esperanza de que un movimiento social por la paz se levante para frenar cualquier intento de agresi\u00f3n en la regi\u00f3n del Caribe. El Presidente Maduro cuestion\u00f3 la posibilidad de que el pueblo estadounidense sea \u00abenga\u00f1ado otra vez\u00bb con \u00abmentiras sobre Venezuela y el narcotr\u00e1fico\u00bb para justificar un conflicto en Sudam\u00e9rica.<\/p>\n\n\n\n<p>El Presidente destac\u00f3 que el mundo tiene hoy m\u00e1s voces de apoyo y solidaridad con Venezuela que en semanas anteriores, y enfatiz\u00f3 la urgencia de que la naci\u00f3n caribe\u00f1a defienda su verdad y comunique sus intenciones de paz directamente al pueblo estadounidense, un pueblo que, seg\u00fan sus palabras, est\u00e1 \u00abcansado de la guerra\u00bb.<\/p>\n\n\n\n<p><strong>Prensa Presidencial\/ Irmary D\u00edaz<\/strong><\/p>\n","protected":false},"excerpt":{"rendered":"<p>Caracas, Venezuela. &#8211;El 68% de los ciudadanos estadounidenses se opone a que su pa\u00eds inicie otra guerra, un dato revelado por el presidente de la Rep\u00fablica Bolivariana de Venezuela, Nicol\u00e1s Maduro, en una rueda de prensa ante medios internacionales. El Jefe de Estado present\u00f3 este porcentaje como una se\u00f1al de la creciente oposici\u00f3n interna a [&hellip;]<\/p>\n","protected":false},"author":1,"featured_media":23954,"comment_status":"open","ping_status":"open","sticky":false,"template":"","format":"standard","meta":{"footnotes":""},"categories":[18,7],"tags":[],"class_list":["post-23953","post","type-post","status-publish","format-standard","has-post-thumbnail","hentry","category-noticias-principales","category-notas-de-prensa"],"_links":{"self":[{"href":"https:\/\/prensapresidencialvenezuela.gob.ve\/index.php\/wp-json\/wp\/v2\/posts\/23953","targetHints":{"allow":["GET"]}}],"collection":[{"href":"https:\/\/prensapresidencialvenezuela.gob.ve\/index.php\/wp-json\/wp\/v2\/posts"}],"about":[{"href":"https:\/\/prensapresidencialvenezuela.gob.ve\/index.php\/wp-json\/wp\/v2\/types\/post"}],"author":[{"embeddable":true,"href":"https:\/\/prensapresidencialvenezuela.gob.ve\/index.php\/wp-json\/wp\/v2\/users\/1"}],"replies":[{"embeddable":true,"href":"https:\/\/prensapresidencialvenezuela.gob.ve\/index.php\/wp-json\/wp\/v2\/comments?post=23953"}],"version-history":[{"count":1,"href":"https:\/\/prensapresidencialvenezuela.gob.ve\/index.php\/wp-json\/wp\/v2\/posts\/23953\/revisions"}],"predecessor-version":[{"id":23955,"href":"https:\/\/prensapresidencialvenezuela.gob.ve\/index.php\/wp-json\/wp\/v2\/posts\/23953\/revisions\/23955"}],"wp:featuredmedia":[{"embeddable":true,"href":"https:\/\/prensapresidencialvenezuela.gob.ve\/index.php\/wp-json\/wp\/v2\/media\/23954"}],"wp:attachment":[{"href":"https:\/\/prensapresidencialvenezuela.gob.ve\/index.php\/wp-json\/wp\/v2\/media?parent=23953"}],"wp:term":[{"taxonomy":"category","embeddable":true,"href":"https:\/\/prensapresidencialvenezuela.gob.ve\/index.php\/wp-json\/wp\/v2\/categories?post=23953"},{"taxonomy":"post_tag","embeddable":true,"href":"https:\/\/prensapresidencialvenezuela.gob.ve\/index.php\/wp-json\/wp\/v2\/tags?post=23953"}],"curies":[{"name":"wp","href":"https:\/\/api.w.org\/{rel}","templated":true}]}}