{"id":23956,"date":"2025-09-15T19:09:24","date_gmt":"2025-09-15T23:09:24","guid":{"rendered":"https:\/\/prensapresidencialvenezuela.gob.ve\/?p=23956"},"modified":"2025-09-15T19:09:24","modified_gmt":"2025-09-15T23:09:24","slug":"87-de-la-cocaina-colombiana-evade-controles-en-el-pacifico","status":"publish","type":"post","link":"https:\/\/prensapresidencialvenezuela.gob.ve\/index.php\/2025\/09\/15\/87-de-la-cocaina-colombiana-evade-controles-en-el-pacifico\/","title":{"rendered":"87% de la coca\u00edna colombiana evade controles en el Pac\u00edfico"},"content":{"rendered":"\n<p><strong>Caracas.<\/strong> El Gobierno de Venezuela, a trav\u00e9s del Presidente Nicol\u00e1s Maduro, denunci\u00f3 la degradaci\u00f3n de la pol\u00edtica en Colombia debido al aumento del narcotr\u00e1fico, destacando que el 87% de la coca\u00edna producida en el pa\u00eds vecino sale por el Pac\u00edfico y el 70% se trafica a trav\u00e9s de Ecuador.<\/p>\n\n\n\n<p>En este contexto, el Dignatario defendi\u00f3 las pol\u00edticas del presidente colombiano Gustavo Petro como la \u00fanica estrategia para enfrentar el problema, una situaci\u00f3n que, seg\u00fan sus palabras, incluye m\u00e1s de 400 mil hect\u00e1reas de cultivos de coca.<\/p>\n\n\n\n<p>Durante su intervenci\u00f3n, el mandatario venezolano present\u00f3 cifras que subrayan el \u00e9xito de la Fuerza Armada Nacional Bolivariana (FANB) en la lucha contra el tr\u00e1fico de drogas. Detall\u00f3 que solo un 5% de la coca\u00edna colombiana intenta pasar por territorio venezolano, pero es incautada gracias a la \u00abinterdicci\u00f3n legal\u00bb. Como ejemplo, mencion\u00f3 la reciente incautaci\u00f3n de una lancha con 3 mil 600 kilos de coca\u00edna que ser\u00eda destruida.<\/p>\n\n\n\n<p>Finalmente, el Presidente Maduro afirm\u00f3 que Venezuela ha sido v\u00edctima de la violencia del narcotr\u00e1fico colombiano, y advirti\u00f3 que cualquier grupo armado que intente cruzar la frontera se enfrentar\u00e1 a la Constituci\u00f3n y la justicia venezolana. Enfatiz\u00f3 que la paz en Colombia es crucial para la estabilidad de toda Latinoam\u00e9rica.<\/p>\n","protected":false},"excerpt":{"rendered":"<p>Caracas. El Gobierno de Venezuela, a trav\u00e9s del Presidente Nicol\u00e1s Maduro, denunci\u00f3 la degradaci\u00f3n de la pol\u00edtica en Colombia debido al aumento del narcotr\u00e1fico, destacando que el 87% de la coca\u00edna producida en el pa\u00eds vecino sale por el Pac\u00edfico y el 70% se trafica a trav\u00e9s de Ecuador. En este contexto, el Dignatario defendi\u00f3 [&hellip;]<\/p>\n","protected":false},"author":1,"featured_media":23957,"comment_status":"open","ping_status":"open","sticky":false,"template":"","format":"standard","meta":{"footnotes":""},"categories":[18,7],"tags":[],"class_list":["post-23956","post","type-post","status-publish","format-standard","has-post-thumbnail","hentry","category-noticias-principales","category-notas-de-prensa"],"_links":{"self":[{"href":"https:\/\/prensapresidencialvenezuela.gob.ve\/index.php\/wp-json\/wp\/v2\/posts\/23956","targetHints":{"allow":["GET"]}}],"collection":[{"href":"https:\/\/prensapresidencialvenezuela.gob.ve\/index.php\/wp-json\/wp\/v2\/posts"}],"about":[{"href":"https:\/\/prensapresidencialvenezuela.gob.ve\/index.php\/wp-json\/wp\/v2\/types\/post"}],"author":[{"embeddable":true,"href":"https:\/\/prensapresidencialvenezuela.gob.ve\/index.php\/wp-json\/wp\/v2\/users\/1"}],"replies":[{"embeddable":true,"href":"https:\/\/prensapresidencialvenezuela.gob.ve\/index.php\/wp-json\/wp\/v2\/comments?post=23956"}],"version-history":[{"count":1,"href":"https:\/\/prensapresidencialvenezuela.gob.ve\/index.php\/wp-json\/wp\/v2\/posts\/23956\/revisions"}],"predecessor-version":[{"id":23958,"href":"https:\/\/prensapresidencialvenezuela.gob.ve\/index.php\/wp-json\/wp\/v2\/posts\/23956\/revisions\/23958"}],"wp:featuredmedia":[{"embeddable":true,"href":"https:\/\/prensapresidencialvenezuela.gob.ve\/index.php\/wp-json\/wp\/v2\/media\/23957"}],"wp:attachment":[{"href":"https:\/\/prensapresidencialvenezuela.gob.ve\/index.php\/wp-json\/wp\/v2\/media?parent=23956"}],"wp:term":[{"taxonomy":"category","embeddable":true,"href":"https:\/\/prensapresidencialvenezuela.gob.ve\/index.php\/wp-json\/wp\/v2\/categories?post=23956"},{"taxonomy":"post_tag","embeddable":true,"href":"https:\/\/prensapresidencialvenezuela.gob.ve\/index.php\/wp-json\/wp\/v2\/tags?post=23956"}],"curies":[{"name":"wp","href":"https:\/\/api.w.org\/{rel}","templated":true}]}}