{"id":23961,"date":"2025-09-15T19:28:22","date_gmt":"2025-09-15T23:28:22","guid":{"rendered":"https:\/\/prensapresidencialvenezuela.gob.ve\/?p=23961"},"modified":"2025-09-15T19:28:48","modified_gmt":"2025-09-15T23:28:48","slug":"venezuela-solicita-a-celac-a-una-conferencia-especial-por-la-soberania-y-la-paz-del-caribe","status":"publish","type":"post","link":"https:\/\/prensapresidencialvenezuela.gob.ve\/index.php\/2025\/09\/15\/venezuela-solicita-a-celac-a-una-conferencia-especial-por-la-soberania-y-la-paz-del-caribe\/","title":{"rendered":"Venezuela solicita a CELAC una Conferencia Especial por la Soberan\u00eda y la Paz del Caribe"},"content":{"rendered":"\n<p><strong>Caracas, Venezuela.-<\/strong> El presidente de la Rep\u00fablica Bolivariana de Venezuela, Nicol\u00e1s Maduro Moros, inform\u00f3 este lunes, en rueda de prensa con medios nacionales e internacionales, que envi\u00f3 una comunicaci\u00f3n, con car\u00e1cter de urgencia, al presidente de Colombia y de la Comunidad de Estados Latinoamericanos y Caribe\u00f1os (Celac), Gustavo Petro, para que se convoque una conferencia especial por la soberan\u00eda y la paz del Caribe.<\/p>\n\n\n\n<p>El Mandatario nacional explic\u00f3 que tom\u00f3 la iniciativa enviando cartas a varios presidentes de Am\u00e9rica Latina y del Caribe, para establecer un espacio de conversaciones y di\u00e1logos en el que se haga valer la declaratoria de Am\u00e9rica Latina y del Caribe como territorio de paz.<\/p>\n\n\n\n<p>\u00abYa la carta est\u00e1 circulando, s\u00e9 que ha llegado a varios pa\u00edses y ha sido entregada y espero que esta iniciativa, en el campo de la pol\u00edtica, con \u00abP\u00bb may\u00fascula, de la diplomacia excelsa de paz, tome cuerpo, tome camino preventivo y a tiempo detengamos una gran guerra en el Caribe y en Sudam\u00e9rica\u00bb, dijo el Jefe de Estado venezolano como expresi\u00f3n a su buena voluntad de preservar el clima de paz que ha caracterizado la regi\u00f3n.<\/p>\n\n\n\n<p>A juicio del presidente Maduro, Venezuela, Am\u00e9rica Latina, el Caribe y el pueblo de Estados Unidos, no quiere guerra. Es as\u00ed como conf\u00eda que su buena intenci\u00f3n sea bien recibida y ejecutada con prontitud.<\/p>\n\n\n\n<p><strong>Prensa Presidencial\/Claudia Guerra M\u00e9ndez<\/strong><\/p>\n","protected":false},"excerpt":{"rendered":"<p>Caracas, Venezuela.- El presidente de la Rep\u00fablica Bolivariana de Venezuela, Nicol\u00e1s Maduro Moros, inform\u00f3 este lunes, en rueda de prensa con medios nacionales e internacionales, que envi\u00f3 una comunicaci\u00f3n, con car\u00e1cter de urgencia, al presidente de Colombia y de la Comunidad de Estados Latinoamericanos y Caribe\u00f1os (Celac), Gustavo Petro, para que se convoque una conferencia [&hellip;]<\/p>\n","protected":false},"author":1,"featured_media":23962,"comment_status":"open","ping_status":"open","sticky":false,"template":"","format":"standard","meta":{"footnotes":""},"categories":[18,7],"tags":[],"class_list":["post-23961","post","type-post","status-publish","format-standard","has-post-thumbnail","hentry","category-noticias-principales","category-notas-de-prensa"],"_links":{"self":[{"href":"https:\/\/prensapresidencialvenezuela.gob.ve\/index.php\/wp-json\/wp\/v2\/posts\/23961","targetHints":{"allow":["GET"]}}],"collection":[{"href":"https:\/\/prensapresidencialvenezuela.gob.ve\/index.php\/wp-json\/wp\/v2\/posts"}],"about":[{"href":"https:\/\/prensapresidencialvenezuela.gob.ve\/index.php\/wp-json\/wp\/v2\/types\/post"}],"author":[{"embeddable":true,"href":"https:\/\/prensapresidencialvenezuela.gob.ve\/index.php\/wp-json\/wp\/v2\/users\/1"}],"replies":[{"embeddable":true,"href":"https:\/\/prensapresidencialvenezuela.gob.ve\/index.php\/wp-json\/wp\/v2\/comments?post=23961"}],"version-history":[{"count":2,"href":"https:\/\/prensapresidencialvenezuela.gob.ve\/index.php\/wp-json\/wp\/v2\/posts\/23961\/revisions"}],"predecessor-version":[{"id":23964,"href":"https:\/\/prensapresidencialvenezuela.gob.ve\/index.php\/wp-json\/wp\/v2\/posts\/23961\/revisions\/23964"}],"wp:featuredmedia":[{"embeddable":true,"href":"https:\/\/prensapresidencialvenezuela.gob.ve\/index.php\/wp-json\/wp\/v2\/media\/23962"}],"wp:attachment":[{"href":"https:\/\/prensapresidencialvenezuela.gob.ve\/index.php\/wp-json\/wp\/v2\/media?parent=23961"}],"wp:term":[{"taxonomy":"category","embeddable":true,"href":"https:\/\/prensapresidencialvenezuela.gob.ve\/index.php\/wp-json\/wp\/v2\/categories?post=23961"},{"taxonomy":"post_tag","embeddable":true,"href":"https:\/\/prensapresidencialvenezuela.gob.ve\/index.php\/wp-json\/wp\/v2\/tags?post=23961"}],"curies":[{"name":"wp","href":"https:\/\/api.w.org\/{rel}","templated":true}]}}