{"id":23965,"date":"2025-09-15T19:42:37","date_gmt":"2025-09-15T23:42:37","guid":{"rendered":"https:\/\/prensapresidencialvenezuela.gob.ve\/?p=23965"},"modified":"2025-09-15T19:42:38","modified_gmt":"2025-09-15T23:42:38","slug":"militares-colombianos-unidos-por-la-soberania-y-la-paz-de-la-patria-grande","status":"publish","type":"post","link":"https:\/\/prensapresidencialvenezuela.gob.ve\/index.php\/2025\/09\/15\/militares-colombianos-unidos-por-la-soberania-y-la-paz-de-la-patria-grande\/","title":{"rendered":"Militares colombianos unidos por la soberan\u00eda y la paz de la Patria Grande"},"content":{"rendered":"\n<p><strong>Caracas, Venezuela.-<\/strong> El presidente Nicol\u00e1s Maduro Moros inform\u00f3 este lunes, que ante las constantes amenazas del Gobierno estadounidense, las fuerzas militares de Colombia han manifestado su rotundo apoyo a la Fuerza Armada Nacional Bolivariana (FANB), situaci\u00f3n que lo llena de orgullo, debido a que Venezuela siempre ha sumado a la paz del vecino pa\u00eds en sus diferentes momentos dif\u00edciles.<\/p>\n\n\n\n<p>\u00abMe consta que aman a Venezuela y nos ven como Patria Grande, patria hermana, patria siamesa. Militares colombianos unidos por la soberan\u00eda y la paz de la Patria Grande. Bueno, estamos desplegados\u00bb, dijo el Mandatario nacional ante la pregunta que le formulara la periodista Gabriela Gonz\u00e1lez de la <em>W Radio de Colombia<\/em> sobre las relaciones binacionales.<\/p>\n\n\n\n<p>El Jefe de Estado venezolano reiter\u00f3 que coordinaci\u00f3n militar-policial en la Zona Binacional de Paz con Colombia, est\u00e1 funcionando bastante bien y destac\u00f3 el recibimiento de mensajes firmes de solidaridad con los militares venezolanos y con Venezuela, a quienes los militares colombianos ven como una patria armada. \u00abDe verdad, cuando yo recibo esos mensajes, me emociona, porque son los militares que est\u00e1n en el terreno y aman a Venezuela\u00bb, manifest\u00f3 con entusiasmo.<\/p>\n\n\n\n<p><strong>Colombia y sus desaf\u00edos<\/strong><\/p>\n\n\n\n<p>El presidente Nicol\u00e1s Maduro hizo un recuento hist\u00f3rico de los diferentes momentos pol\u00edticos que ha atravesado la regi\u00f3n, especialmente la Rep\u00fablica de Colombia. Sobre este punto enfatiz\u00f3 que todas las guerras vividas en el vecino pa\u00eds conllevaron a que en Venezuela haya seis millones de colombianos, los cuales migraron hacia tierras venezolanas en los \u00faltimos 60 a\u00f1os.<\/p>\n\n\n\n<p>En este contexto, el Jefe de Estado venezolano, con profundo respeto, dijo desde \u00e9pocas de P\u00e9rez Jim\u00e9nez, Venezuela lo que ha tratado es de ayudar a la paz.<\/p>\n\n\n\n<p>Continu\u00f3 su explicaci\u00f3n indicando que al presidente Gustavo Petro tambi\u00e9n se le ha brindado ayuda y la misma continuar\u00e1 m\u00e1s all\u00e1 de los l\u00edmites. \u00abLa paz en Colombia es la paz de Venezuela y de Suram\u00e9rica. Y ojal\u00e1 alg\u00fan d\u00eda se pueda lograr\u00bb, expres\u00f3 con firmeza el presidente Maduro.<\/p>\n\n\n\n<p>En este mismo contexto, el Mandatario nacional record\u00f3 que Colombia tiene ocho bases militares de EE.UU., las cuales fueron establecidas por el expresidente \u00c1lvaro Uribe y Juan Manuel Santos, y que no han contribuido a contrarrestar el flagelo del narcotr\u00e1fico, sino que ha ocurrido todo lo contrario.<\/p>\n\n\n\n<p>\u00abDesde que llegaron las bases militares, Colombia triplic\u00f3 su producci\u00f3n. La oligarqu\u00eda colombiana no es el pueblo colombiano, no es el Gobierno colombiano, no son las fuerzas militares colombianas. No, no son ellos\u00bb, denunci\u00f3 ante los medios de comunicaci\u00f3n social presentes.<\/p>\n\n\n\n<p><strong>Prensa Presidencial\/Claudia Guerra M\u00e9ndez<\/strong><\/p>\n","protected":false},"excerpt":{"rendered":"<p>Caracas, Venezuela.- El presidente Nicol\u00e1s Maduro Moros inform\u00f3 este lunes, que ante las constantes amenazas del Gobierno estadounidense, las fuerzas militares de Colombia han manifestado su rotundo apoyo a la Fuerza Armada Nacional Bolivariana (FANB), situaci\u00f3n que lo llena de orgullo, debido a que Venezuela siempre ha sumado a la paz del vecino pa\u00eds en [&hellip;]<\/p>\n","protected":false},"author":1,"featured_media":23966,"comment_status":"open","ping_status":"open","sticky":false,"template":"","format":"standard","meta":{"footnotes":""},"categories":[18,7],"tags":[],"class_list":["post-23965","post","type-post","status-publish","format-standard","has-post-thumbnail","hentry","category-noticias-principales","category-notas-de-prensa"],"_links":{"self":[{"href":"https:\/\/prensapresidencialvenezuela.gob.ve\/index.php\/wp-json\/wp\/v2\/posts\/23965","targetHints":{"allow":["GET"]}}],"collection":[{"href":"https:\/\/prensapresidencialvenezuela.gob.ve\/index.php\/wp-json\/wp\/v2\/posts"}],"about":[{"href":"https:\/\/prensapresidencialvenezuela.gob.ve\/index.php\/wp-json\/wp\/v2\/types\/post"}],"author":[{"embeddable":true,"href":"https:\/\/prensapresidencialvenezuela.gob.ve\/index.php\/wp-json\/wp\/v2\/users\/1"}],"replies":[{"embeddable":true,"href":"https:\/\/prensapresidencialvenezuela.gob.ve\/index.php\/wp-json\/wp\/v2\/comments?post=23965"}],"version-history":[{"count":1,"href":"https:\/\/prensapresidencialvenezuela.gob.ve\/index.php\/wp-json\/wp\/v2\/posts\/23965\/revisions"}],"predecessor-version":[{"id":23967,"href":"https:\/\/prensapresidencialvenezuela.gob.ve\/index.php\/wp-json\/wp\/v2\/posts\/23965\/revisions\/23967"}],"wp:featuredmedia":[{"embeddable":true,"href":"https:\/\/prensapresidencialvenezuela.gob.ve\/index.php\/wp-json\/wp\/v2\/media\/23966"}],"wp:attachment":[{"href":"https:\/\/prensapresidencialvenezuela.gob.ve\/index.php\/wp-json\/wp\/v2\/media?parent=23965"}],"wp:term":[{"taxonomy":"category","embeddable":true,"href":"https:\/\/prensapresidencialvenezuela.gob.ve\/index.php\/wp-json\/wp\/v2\/categories?post=23965"},{"taxonomy":"post_tag","embeddable":true,"href":"https:\/\/prensapresidencialvenezuela.gob.ve\/index.php\/wp-json\/wp\/v2\/tags?post=23965"}],"curies":[{"name":"wp","href":"https:\/\/api.w.org\/{rel}","templated":true}]}}