{"id":23971,"date":"2025-09-16T18:35:28","date_gmt":"2025-09-16T22:35:28","guid":{"rendered":"https:\/\/prensapresidencialvenezuela.gob.ve\/?p=23971"},"modified":"2025-09-16T18:35:28","modified_gmt":"2025-09-16T22:35:28","slug":"presidente-encabeza-instalacion-del-consejo-nacional-por-la-soberania-y-la-paz","status":"publish","type":"post","link":"https:\/\/prensapresidencialvenezuela.gob.ve\/index.php\/2025\/09\/16\/presidente-encabeza-instalacion-del-consejo-nacional-por-la-soberania-y-la-paz\/","title":{"rendered":"Presidente encabeza instalaci\u00f3n del Consejo Nacional por la Soberan\u00eda y la Paz\u00a0"},"content":{"rendered":"\n<p><strong>Caracas, Venezuela. \u2013<\/strong>El presidente de la Rep\u00fablica Bolivariana de Venezuela, Nicol\u00e1s Maduro, encabeza la instalaci\u00f3n del <strong>Consejo Nacional por la Soberan\u00eda y la Paz<\/strong>, un encuentro clave que re\u00fane a <strong>434 invitados de todos los sectores estrat\u00e9gicos del pa\u00eds <\/strong>para reafirmar, de manera unificada, la defensa de la soberan\u00eda y la paz de Venezuela.<\/p>\n\n\n\n<p>El Jefe de Estado se encuentra acompa\u00f1ado por la Primera Dama de la Rep\u00fablica, diputada Cilia Flores; el presidente de la Asamblea Nacional, Dr. Jorge Rodr\u00edguez; el primer vicepresidente de la Asamblea Nacional, diputado Pedro Infante; y la segunda vicepresidenta de la Asamblea Nacional, diputada Am\u00e9rica P\u00e9rez.<\/p>\n\n\n\n<p>Este nuevo \u00f3rgano tiene como objetivo principal fortalecer y consolidar la seguridad y defensa de la naci\u00f3n mediante la implementaci\u00f3n de la <strong>3\u00aa Gran Transformaci\u00f3n<\/strong> del <strong>Plan de la Patria de las 7T, las Grandes Transformaciones<\/strong>, para resguardar la unidad e integridad territorial del pa\u00eds.<\/p>\n\n\n\n<p>La instalaci\u00f3n de este consejo se fundamenta en el Plan Nacional de Soberan\u00eda y Paz Sim\u00f3n Bol\u00edvar, que se activa en todo el territorio nacional tras un llamado del presidente Maduro. En una convocatoria anterior, el Mandatario nacional inst\u00f3 al pueblo a un proceso de alistamiento nacional en los cuarteles militares y en las 15 mil 751 bases populares de defensa integral, evidenciando un robustecimiento de la seguridad y defensa nacional.<\/p>\n\n\n\n<p><strong>Venezuela como zona de paz y soberan\u00eda<\/strong><\/p>\n\n\n\n<p>El Jefe de Estado ha sido enf\u00e1tico en su reiterado llamado a que Venezuela sea reconocida como una zona de paz. En este contexto, ha rechazado de manera contundente las narrativas y planes desestabilizadores que, seg\u00fan sus declaraciones, pretenden violar la soberan\u00eda e independencia de la naci\u00f3n.<\/p>\n\n\n\n<p>Para garantizar la tranquilidad del pueblo venezolano, el presidente Maduro, en su rol de comandante en jefe de la Fuerza Armada Nacional Bolivariana (FANB), activ\u00f3 previamente las Unidades Comunales Milicianas en los 5 mil 336 Circuitos Comunales, y el Plan Independencia 200, bajo el concepto de una \u00abresistencia activa y defensiva permanente\u00bb.<\/p>\n\n\n\n<p><strong>Fases del plan de defensa nacional<\/strong><\/p>\n\n\n\n<p>Este procedimiento se despliega en cuatro fases t\u00e1cticas:<\/p>\n\n\n\n<ul class=\"wp-block-list\">\n<li><strong>Alistamiento de la Milicia Bolivariana y Despliegue Defensivo y Entrenamiento Territorial<\/strong>: Cada ciudadano es asignado a una misi\u00f3n, con un arma y un lugar de defensa espec\u00edfico. Esta fase es coordinada por las Unidades Comunales Milicianas (UCM) y las Brigadas Populares de Defensa Integral, las cuales superan las 15 mil unidades en todo el pa\u00eds y se articulan con los Consejos Comunales.<\/li>\n\n\n\n<li><strong>Lucha no armada:<\/strong> Orientada a fortalecer la defensa de la paz frente a lo que el Gobierno ha catalogado como \u00abguerra econ\u00f3mica y acciones de desestabilizaci\u00f3n promovidas por el imperialismo\u00bb.<\/li>\n\n\n\n<li><strong>Lucha armada:<\/strong> Dise\u00f1ada como una estrategia de protecci\u00f3n, basada en la Doctrina Militar Bolivariana, para salvaguardar la soberan\u00eda y la seguridad de los territorios sin promover la guerra.<\/li>\n<\/ul>\n\n\n\n<p>El Consejo Nacional por la Soberan\u00eda y la Paz se instal\u00f3 con una asistencia de 434 invitados, reflejando una amplia participaci\u00f3n de diversos sectores de la vida nacional. Entre los asistentes se contaban 18 representantes del sector universitario, 48 del pol\u00edtico, 18 cultores e intelectuales, 17 del sector religioso, 63 de la Asamblea Nacional, 214 del econ\u00f3mico y 56 del social.<\/p>\n\n\n\n<p><strong>Prensa Presidencial\/ Irmary D\u00edaz<\/strong><\/p>\n","protected":false},"excerpt":{"rendered":"<p>Caracas, Venezuela. \u2013El presidente de la Rep\u00fablica Bolivariana de Venezuela, Nicol\u00e1s Maduro, encabeza la instalaci\u00f3n del Consejo Nacional por la Soberan\u00eda y la Paz, un encuentro clave que re\u00fane a 434 invitados de todos los sectores estrat\u00e9gicos del pa\u00eds para reafirmar, de manera unificada, la defensa de la soberan\u00eda y la paz de Venezuela. El [&hellip;]<\/p>\n","protected":false},"author":1,"featured_media":23972,"comment_status":"open","ping_status":"open","sticky":false,"template":"","format":"standard","meta":{"footnotes":""},"categories":[18,7],"tags":[],"class_list":["post-23971","post","type-post","status-publish","format-standard","has-post-thumbnail","hentry","category-noticias-principales","category-notas-de-prensa"],"_links":{"self":[{"href":"https:\/\/prensapresidencialvenezuela.gob.ve\/index.php\/wp-json\/wp\/v2\/posts\/23971","targetHints":{"allow":["GET"]}}],"collection":[{"href":"https:\/\/prensapresidencialvenezuela.gob.ve\/index.php\/wp-json\/wp\/v2\/posts"}],"about":[{"href":"https:\/\/prensapresidencialvenezuela.gob.ve\/index.php\/wp-json\/wp\/v2\/types\/post"}],"author":[{"embeddable":true,"href":"https:\/\/prensapresidencialvenezuela.gob.ve\/index.php\/wp-json\/wp\/v2\/users\/1"}],"replies":[{"embeddable":true,"href":"https:\/\/prensapresidencialvenezuela.gob.ve\/index.php\/wp-json\/wp\/v2\/comments?post=23971"}],"version-history":[{"count":1,"href":"https:\/\/prensapresidencialvenezuela.gob.ve\/index.php\/wp-json\/wp\/v2\/posts\/23971\/revisions"}],"predecessor-version":[{"id":23973,"href":"https:\/\/prensapresidencialvenezuela.gob.ve\/index.php\/wp-json\/wp\/v2\/posts\/23971\/revisions\/23973"}],"wp:featuredmedia":[{"embeddable":true,"href":"https:\/\/prensapresidencialvenezuela.gob.ve\/index.php\/wp-json\/wp\/v2\/media\/23972"}],"wp:attachment":[{"href":"https:\/\/prensapresidencialvenezuela.gob.ve\/index.php\/wp-json\/wp\/v2\/media?parent=23971"}],"wp:term":[{"taxonomy":"category","embeddable":true,"href":"https:\/\/prensapresidencialvenezuela.gob.ve\/index.php\/wp-json\/wp\/v2\/categories?post=23971"},{"taxonomy":"post_tag","embeddable":true,"href":"https:\/\/prensapresidencialvenezuela.gob.ve\/index.php\/wp-json\/wp\/v2\/tags?post=23971"}],"curies":[{"name":"wp","href":"https:\/\/api.w.org\/{rel}","templated":true}]}}